{"id":8573,"date":"2022-06-28T19:43:16","date_gmt":"2022-06-28T17:43:16","guid":{"rendered":"https:\/\/www.berrly.com\/?p=8573"},"modified":"2024-01-08T09:16:03","modified_gmt":"2024-01-08T08:16:03","slug":"identitat-de-genere-i-l-inclusio-social","status":"publish","type":"post","link":"https:\/\/www.berrly.com\/ca\/2022\/06\/identitat-de-genere-i-l-inclusio-social\/","title":{"rendered":"La identitat de g\u00e8nere i inclusi\u00f3 social a les comunitats"},"content":{"rendered":"<h1>La identitat de g\u00e8nere i inclusi\u00f3 social a les comunitats<\/h1>\n<p>El mes de juny \u00e9s un mes que ve carregat amb moltes emocions i sensacions. A m\u00e9s de marcar l&#8217;inici de l&#8217;estiu amb l&#8217;arribada del bon temps, la calor i les ganes d&#8217;anar a la platja, el juny tamb\u00e9 \u00e9s conegut per ser el mes de l&#8217;orgull LGTBIQ+.<\/p>\n<p>El mes de l&#8217;orgull LGTBIQ+ o en angl\u00e8s &#8220;Pride Month&#8221; \u00e9s un mes tem\u00e0tic orientat a reivindicar els drets, la llibertat i la independ\u00e8ncia de les persones del col\u00b7lectiu LGTBIQ+ celebrant-se el 28 del mateix mes, el dia internacional de l&#8217;Orgull LGTBI.<\/p>\n<p>El col\u00b7lectiu agrupa un espectre molt variat que inclou tant a les persones gais, lesbianes, transsexuals, bisexuals, intersexuals, queer, transvestits, persones transg\u00e8nere, q\u00fcestionants, agener i asexuals o arrom\u00e0ntics.<\/p>\n<p>\u00c9s un mes fonamental que serveix com a eix vertebral per fer \u00e8mfasi i recordar la import\u00e0ncia de la inclusi\u00f3 social de la identitat de g\u00e8nere dins de la nostra societat, de les comunitats existents i de les que formem part.<\/p>\n<h2>Qu\u00e8 \u00e9s la identitat de g\u00e8nere?<\/h2>\n<p>No s\u00f3n pocs els progressos assolits al llarg d&#8217;aquests anys dins del col\u00b7lectiu LGTBIQ+. Per grans i significatius que hagin estat, encara queda un llarg cam\u00ed per rec\u00f3rrer si volem arribar a crear una societat m\u00e9s inclusiva i lliure de prejudicis.<\/p>\n<p>Quan parlem d&#8217;identitat de g\u00e8nere, encara hi solen haver certes confusions que envolten el tema i necessiten ser aclarides.<\/p>\n<p>Principalment, aquestes confusions s\u00f3n degudes a no saber separar tres termes que encara que semblin que van de la m\u00e0, tenen definicions diferents, <strong>la identitat de g\u00e8nere, el sexe biol\u00f2gic i el g\u00e8nere.<\/strong><\/p>\n<div style=\"box-sizing: border-box; padding: 40px 60px 40px 60px; background-color: #f0ecfc; border-radius: 8px;\">\n<p><strong>La identitat de g\u00e8nere:<\/strong> De manera senzilla, \u00e9s el sentit innat d&#8217;una persona amb el propi g\u00e8nere i amb qu\u00e8 s&#8217;identifica m\u00e9s. \u00c9s important saber que la identitat de g\u00e8nere <strong>pot o no<\/strong> correspondre al sexe biol\u00f2gic de la persona.<\/p>\n<p>La identitat de g\u00e8nere fa refer\u00e8ncia al nostre \u00e9sser, la nostra identitat i com ens sentim sobre nosaltres mateixos. Per exemple, les persones es poden identificar com a home, dona, transg\u00e8nere, altres i fins i tot com a cap.<\/p>\n<p><strong>El sexe biol\u00f2gic: <\/strong>Al\u00b7ludeix a les caracter\u00edstiques i les peculiaritats dels individus d&#8217;una esp\u00e8cie.<\/p>\n<p>D&#8217;aqu\u00ed l&#8217;inter\u00e8s a establir aquesta ruptura i finalitzar la uni\u00f3 entre els termes &#8220;d&#8217;identitat de g\u00e8nere\u201d i el \u201csexe biol\u00f2gic\u201d, ja que cadasc\u00fa \u00e9s independent.<\/p>\n<p><strong>El g\u00e8nere:<\/strong> D&#8217;altra banda, el g\u00e8nere \u00e9s un estatus, una etiqueta social i legal que ve determinada en gran part per la cultura i la societat en qu\u00e8 una persona neix i es desenvolupa i influeix en la manera qu\u00e8 t\u00e9 de pensar.<\/p>\n<\/div>\n<p>&nbsp;<\/p>\n<h2>Qu\u00e8 \u00e9s la inclusi\u00f3 social?<\/h2>\n<p>La inclusi\u00f3 social \u00e9s el proc\u00e9s que buscar millorar els termes en qu\u00e8 les persones, grups i comunitats contribueixen a la societat, millorant les oportunitats, les capacitats i la dignitat dels desafavorits sobre la seva identitat.<\/p>\n<p>La inclusi\u00f3 social t\u00e9 un rang d&#8217;objectius molt ampli. Un \u00e9s eliminar completament les lleis i normes socioculturals que discriminen i marginen les persones que pertanyen al col\u00b7lectiu LGTBIQ+.<\/p>\n<p>Aquest ambient d&#8217;exclusi\u00f3 comporta un mar de viol\u00e8ncia i de discriminaci\u00f3. <strong><a href=\"https:\/\/www.ohchr.org\/es\/special-procedures\/ie-sexual-orientation-and-gender-identity\/effective-inclusion-lgbt-persons\" target=\"_blank\" rel=\"noopener\">L&#8217;ONU estableix<\/a><\/strong> que aquesta exclusi\u00f3 comporta una desigualtat d&#8217;oportunitats i un acc\u00e9s desigual a recursos b\u00e0sics.<\/p>\n<h3>El col\u00b7lectiu LGTBIQ+ pateix una exclusi\u00f3 social en una gran quantitat de contextos:<\/h3>\n<ol>\n<li><strong>Educaci\u00f3<br \/>\n<\/strong> A les escoles, molts estudiants pertanyents al col\u00b7lectiu LGTBIQ+ pateixen ab\u00fas f\u00edsic i verbal patint una exclusi\u00f3 social. Aquest ambient inestable d\u02bbab\u00fas crea una sensaci\u00f3 d\u02bbinseguretat que afecta les possibilitats de l&#8217;\u00e8xit acad\u00e8mic de l&#8217;estudiant patint conseq\u00fc\u00e8ncies psicol\u00f2giques greus.<\/li>\n<li><strong>Salut i benestar<\/strong><br \/>\nHi ha una gran desigualtat a nivell de salut. Les persones del col\u00b7lectiu LGTBIQ+ tenen disposici\u00f3 a patir m\u00e9s malalties mentals com l&#8217;ansietat, la depressi\u00f3 i \u00a0ser v\u00edctimes potencials del su\u00efcidi. Estan subjectes a actituds discriminat\u00f2ries per part dels sanitaris que fa que moltes vegades evitin fer servir aquests serveis primaris.<\/li>\n<li><strong>Acc\u00e9s \u00a0a l&#8217;habitatge<\/strong><br \/>\nLa discriminitzaci\u00f3 del col\u00b7lectiu tamb\u00e9 \u00e9s present en aquest punt, cosa que comporta una representaci\u00f3 desorbitada de les persones del col\u00b7lectiu que no tenen llar. Tamb\u00e9 es troben davant d&#8217;una discriminaci\u00f3 en l&#8217;acc\u00e9s als refugis, i una exclusi\u00f3, criminalitzaci\u00f3 i estigmatitzaci\u00f3 m\u00e9s gran per ser persones sense llar.<\/li>\n<li><strong>Ocupabilitat<\/strong><br \/>\nLes persones del col\u00b7lectiu estan subjectes a una estigmatitzaci\u00f3 i discriminaci\u00f3 en tot el proc\u00e9s de selecci\u00f3 per la seva orientaci\u00f3 sexual i identitat de g\u00e8nere, cosa que pot provocar ansietat i una p\u00e8rdua de productivitat derivant en problemes psicol\u00f2gics.<\/li>\n<li><strong>Pol\u00edtica<\/strong><br \/>\nLa monopolitzaci\u00f3 i utilitzaci\u00f3 del col\u00b7lectiu LGTBIQ+ en els discursos pol\u00edtics per part de partits extremistes i conservadors posa de manifest els prejudicis i idees preexistents err\u00f2nies que hi ha sobre les persones que pertanyen al col\u00b7lectiu. En situacions d&#8217;inestabilitat pol\u00edtica i socioecon\u00f2mica creen un sentiment d&#8217;odi i de discriminaci\u00f3 envers el collectiu LGTBIQ+.<\/li>\n<\/ol>\n<p><img fetchpriority=\"high\" decoding=\"async\" class=\"wp-image-8606 size-large\" src=\"https:\/\/www.berrly.com\/wp-content\/uploads\/2022\/06\/Berrly-amb-el-collectiu-LGTBIQ-1024x683.jpg\" alt=\"Berrly amb el col\u00b7lectiu LGTBIQ+\" width=\"1024\" height=\"683\" srcset=\"https:\/\/www.berrly.com\/wp-content\/uploads\/2022\/06\/Berrly-amb-el-collectiu-LGTBIQ-1024x683.jpg 1024w, https:\/\/www.berrly.com\/wp-content\/uploads\/2022\/06\/Berrly-amb-el-collectiu-LGTBIQ-300x200.jpg 300w, https:\/\/www.berrly.com\/wp-content\/uploads\/2022\/06\/Berrly-amb-el-collectiu-LGTBIQ-768x512.jpg 768w, https:\/\/www.berrly.com\/wp-content\/uploads\/2022\/06\/Berrly-amb-el-collectiu-LGTBIQ-1536x1024.jpg 1536w, https:\/\/www.berrly.com\/wp-content\/uploads\/2022\/06\/Berrly-amb-el-collectiu-LGTBIQ-2048x1365.jpg 2048w\" sizes=\"(max-width: 1024px) 100vw, 1024px\" \/><\/p>\n<h2>Quina \u00e9s la import\u00e0ncia de la identitat i la conscienciaci\u00f3 de g\u00e8nere?<\/h2>\n<p>Totes les persones estem subjectes i condicionades pels processos socials i culturals del teixit social actiu que ens envolta i on ens desenvolupem. Determinen la nostra identitat, els nostres valors i les nostres percepcions envers els altres.<\/p>\n<p>La conscienciaci\u00f3 de g\u00e8nere \u00e9s un bon mecanisme que ens serveix com a exercici introspectiu per desenvolupar noves maneres de pensar i de plantejar-nos la nostra posici\u00f3 respecte als altres.<\/p>\n<p>La conscienciaci\u00f3 de g\u00e8nere ajuda el treball i la interacci\u00f3 grupal. \u00c9s un proc\u00e9s fonamental per aconseguir la finalitat \u00faltima que \u00e9s la inclusi\u00f3 social de totes les persones en una societat igualit\u00e0ria i lliure de discriminaci\u00f3.<\/p>\n<h2>El disseny inclusiu de les organitzacions a nivell digital<\/h2>\n<p>La identitat de g\u00e8nere i la inclusi\u00f3 social s\u00f3n eixos transversals que han de ser presents a la cultura corporativa de les organitzacions i tamb\u00e9 ser presents als seus mitjans digitals. Proporcionar una experi\u00e8ncia d&#8217;usuari amb dissenys inclusius \u00e9s una forma m\u00e9s d&#8217;assolir l&#8217;objectiu plantejat anteriorment, la creaci\u00f3 d&#8217;una <strong>societat inclusiva<\/strong>.<\/p>\n<h2>A <a href=\"https:\/\/www.berrly.com\/ca\/\">Berrly<\/a> busquem ser pioners del canvi<\/h2>\n<p>Berrly neix d&#8217;una activitat cultural on es respiren valors com l&#8217;esfor\u00e7, la resili\u00e8ncia, <strong>la integraci\u00f3 i la identitat de les persones<\/strong>, valors que formen part del teixit empresarial de la nostra organitzaci\u00f3.<\/p>\n<p>El nostre SaaS \u00e9s utilitzat per una <strong>gran varietat d&#8217;organitzacions<\/strong> de diversos \u00e0mbits com la<a href=\"https:\/\/es.linkedin.com\/company\/cambra-lgtbiq\" target=\"_blank\" rel=\"noopener\"><strong> CAMBRA LGTBIQ+ de Catalunya<\/strong><\/a>.<\/p>\n<p>La CAMBRA LGTBIQ+, \u00e9s una de les organitzacions m\u00e9s importants a Catalunya que aglutina empreses i professionals vinculats a la comunitat LGTBIQ+. \u00c9s coneguda tamb\u00e9 per ser l&#8217;organitzadora del <a href=\"https:\/\/www.instagram.com\/pridebarcelona\/\" target=\"_blank\" rel=\"noopener\">PRIDE BARCELONA<\/a>, la celebraci\u00f3 de l&#8217;orgull LGTBIQ+ a la ciutat comtal.<\/p>\n<p>A Berrly busquem crear un SaaS inclusiu especialitzat en la digitalitzaci\u00f3 de la gesti\u00f3 d&#8217;organitzacions esportives, culturals i sense \u00e0nim de lucre del tercer sector.<\/p>\n<p>Per aix\u00f2, amb cada actualitzaci\u00f3 de Berrly que traiem, busquem millorar la inclusivitat dins del programa perqu\u00e8 les organitzacions que contracten els nostres serveis, se&#8217;n benefici\u00efn.<\/p>\n<div style=\"box-sizing: border-box; padding: 40px 60px 40px 60px; background-color: #f0ecfc; border-radius: 8px;\">\n<h3>A Berrly implementem dos canvis respectivament:<\/h3>\n<ul>\n<li><strong>De \u201cMembres\u201d a \u201cPersones\u201d:<\/strong> El canvi de paraules per altres m\u00e9s inclusives com \u201cpersones\u201d ajuda a aglutinar a tothom sense deixar ning\u00fa al darrere, aconseguint una major inclusi\u00f3 per a les persones que utilitzen el nostre SaaS (Software as a service ).<\/li>\n<li><strong>Personalitzaci\u00f3 de la identitat de g\u00e8nere:<\/strong> Ara les organitzacions podran configurar el camp de g\u00e8nere de manera personalitzada perqu\u00e8 les persones puguin escollir el g\u00e8nere amb qu\u00e8 se senten m\u00e9s identificades.<\/li>\n<\/ul>\n<\/div>\n<p>Amb <a href=\"https:\/\/www.berrly.com\/ca\/2022\/06\/berrly-cloud-release-37\/\" target=\"_blank\" rel=\"noopener\">aquesta actualitzaci\u00f3<\/a>, busquem la normalitzaci\u00f3 de la diversitat i la identitat de g\u00e8nere per estar m\u00e9s a prop d&#8217;aconseguir una societat m\u00e9s inclusiva en crear una conscienciaci\u00f3 col\u00b7lectiva que va en sintonia amb els valors i els principis de Berrly.<\/p>\n<p>Les accions com les que acabem d&#8217;esmentar, per petites i subtils que semblin contribueixen enormement a crear un espai inclusiu per a tothom i marquen la difer\u00e8ncia per crear un canvi transformacional a les persones i aconseguir una societat inclusiva.<\/p>\n<h2>Com crear un entorn on es respiri una inclusi\u00f3 social dins de la teva organitzaci\u00f3?<\/h2>\n<p>Crear un entorn inclusiu \u00e9s responsabilitat de totes les persones implicades. Et deixem una s\u00e8rie de consells perqu\u00e8 tu i la teva organitzaci\u00f3 pugueu crear un ambient de treball m\u00e9s inclusiu.<\/p>\n<ol>\n<li style=\"list-style-type: none;\">\n<ol>\n<li><strong>Normalitzaci\u00f3<\/strong><br \/>\nLa normalitzaci\u00f3 de la identitat de g\u00e8nere als espais de treball s\u00f3n crucials per crear un ambient de benestar i productivitat per a tothom. Respectar la identitat de g\u00e8nere de les persones significa respectar-ne la integritat.Una petita acci\u00f3 que ajuda a desestigmatitzar el tema i crear conscienciaci\u00f3 i inclusi\u00f3 perqu\u00e8 tots els empleats se sentin benvinguts.<\/li>\n<li><strong>Espais de g\u00e8nere inclusiu<\/strong><br \/>\nProporcionar instal\u00b7lacions inclusives i neutrals a l&#8217;espai de treball ajuda els empleats a sentir-se c\u00f2modes i a ser m\u00e9s productius.<\/li>\n<li><strong>Formaci\u00f3 sobre la diversitat i la inclusi\u00f3<\/strong><br \/>\nQue l&#8217;organitzaci\u00f3 inverteixi en cursos de formaci\u00f3 d&#8217;inclusi\u00f3 i diversitat en totes les persones que en formen part, equival a invertir en un ambient inclusiu, professional i productiu on l&#8217;organitzaci\u00f3 es veur\u00e0 afavorida a llarg termini.<\/li>\n<li><strong>Pol\u00edtiques EEO<\/strong><br \/>\nLes pol\u00edtiques de \u201c<a href=\"https:\/\/resources.workable.com\/hr-terms\/what-is-eeo\" target=\"_blank\" rel=\"noopener\">Equal Employment Opportunity<\/a>\u201d o en espanyol Igualtat d&#8217;Oportunitats a l&#8217;Ocupaci\u00f3 (<a href=\"https:\/\/www.inmujeres.gob.es\/areasTematicas\/Internacional\/ComisionEuropea.htm#:~:text=es%20un%20grupo%20informal%20integrado,durante%20cada%20Presidencia%20del%20Consejo.\" target=\"_blank\" rel=\"noopener\">IMIO a Espanya<\/a>) dins de les organitzacions per oferir protecci\u00f3 a les persones que no s\u00f3n cisgener.<\/li>\n<li><strong>Valors<\/strong><br \/>\nEls principis i els valors de les organitzacions han d&#8217;estar alineats amb la inclusi\u00f3 social i s&#8217;han de reflectir en les accions que pren la companyia.<\/li>\n<li><strong>Predicar amb l&#8217;exemple<\/strong><br \/>\nLa millor manera que tenim les persones per prendre consci\u00e8ncia de la identitat de g\u00e8nere i ajudar a crear un entorn m\u00e9s inclusiu \u00e9s per via pr\u00f2pia. Disposem dels mitjans per crear un espai de treball on les persones se sentin recolzades i benvingudes.<\/li>\n<\/ol>\n<\/li>\n<\/ol>\n<p>A Berrly ens esforcem per ser un model de refer\u00e8ncia a seguir tant aquest mes com durant la resta de l&#8217;any. Ens comprometem a crear un programari m\u00e9s inclusiu a mesura que anem detectant noves necessitats i seguirem lluitant per aconseguir crear una societat m\u00e9s inclusiva a partir de l&#8217;abast que tenim a les diverses comunitats.<\/p>\n<div style=\"box-sizing: border-box; padding: 40px 60px 40px 60px; background-color: #f0ecfc; border-radius: 8px;\">\n<h3>Ens comprometem a crear un entorn inclusiu a les diferents comunitats on tenim pres\u00e8ncia:<\/h3>\n<ul>\n<li>Els clubs esportius i la seva afici\u00f3<\/li>\n<li>Federacions de clubs esportius o associacions<\/li>\n<li>Agrupacions culturals<\/li>\n<li>Patronals, gremis i col\u00b7legis professionals<\/li>\n<li>El sector educatiu: associacions de familiars d&#8217;alumnes i d&#8217;altres col\u00b7lectius<\/li>\n<li>Agrupacions de pacients i entitats del tercer sector<\/li>\n<li>Organitzacions no governamentals de tot tipus (ONGs)<\/li>\n<li>Sindicats i partits pol\u00edtics<\/li>\n<\/ul>\n<\/div>\n","protected":false},"excerpt":{"rendered":"<p>La identitat de g\u00e8nere i inclusi\u00f3 social a les comunitats El mes de juny \u00e9s un mes que ve carregat amb moltes emocions i sensacions. A m\u00e9s de marcar l&#8217;inici de l&#8217;estiu amb l&#8217;arribada del bon temps, la calor i les ganes d&#8217;anar a la platja, el juny tamb\u00e9 \u00e9s conegut per ser el mes [&hellip;]<\/p>\n","protected":false},"author":5,"featured_media":8707,"comment_status":"closed","ping_status":"open","sticky":false,"template":"","format":"standard","meta":{"_acf_changed":false,"footnotes":""},"categories":[44],"tags":[48,93,99,46],"class_list":["post-8573","post","type-post","status-publish","format-standard","has-post-thumbnail","hentry","category-blog-ca","tag-berrly","tag-blog","tag-lgtbiq","tag-tercer-sector"],"acf":[],"_links":{"self":[{"href":"https:\/\/www.berrly.com\/ca\/wp-json\/wp\/v2\/posts\/8573","targetHints":{"allow":["GET"]}}],"collection":[{"href":"https:\/\/www.berrly.com\/ca\/wp-json\/wp\/v2\/posts"}],"about":[{"href":"https:\/\/www.berrly.com\/ca\/wp-json\/wp\/v2\/types\/post"}],"author":[{"embeddable":true,"href":"https:\/\/www.berrly.com\/ca\/wp-json\/wp\/v2\/users\/5"}],"replies":[{"embeddable":true,"href":"https:\/\/www.berrly.com\/ca\/wp-json\/wp\/v2\/comments?post=8573"}],"version-history":[{"count":0,"href":"https:\/\/www.berrly.com\/ca\/wp-json\/wp\/v2\/posts\/8573\/revisions"}],"wp:featuredmedia":[{"embeddable":true,"href":"https:\/\/www.berrly.com\/ca\/wp-json\/wp\/v2\/media\/8707"}],"wp:attachment":[{"href":"https:\/\/www.berrly.com\/ca\/wp-json\/wp\/v2\/media?parent=8573"}],"wp:term":[{"taxonomy":"category","embeddable":true,"href":"https:\/\/www.berrly.com\/ca\/wp-json\/wp\/v2\/categories?post=8573"},{"taxonomy":"post_tag","embeddable":true,"href":"https:\/\/www.berrly.com\/ca\/wp-json\/wp\/v2\/tags?post=8573"}],"curies":[{"name":"wp","href":"https:\/\/api.w.org\/{rel}","templated":true}]}}