{"id":9181,"date":"2022-10-28T18:03:28","date_gmt":"2022-10-28T16:03:28","guid":{"rendered":"https:\/\/www.berrly.com\/?p=9181"},"modified":"2024-01-08T09:15:41","modified_gmt":"2024-01-08T08:15:41","slug":"bizbarcelona-i-salo-de-l-ocupacio-2022","status":"publish","type":"post","link":"https:\/\/www.berrly.com\/ca\/2022\/10\/bizbarcelona-i-salo-de-l-ocupacio-2022\/","title":{"rendered":"Berrly al proper BizBarcelona i Sal\u00f3 de l&#8217;Ocupaci\u00f3 de 2022 a la Fira de Barcelona"},"content":{"rendered":"<h1>El BizBarcelona i el Sal\u00f3 de l&#8217;Ocupaci\u00f3 a la Fira de Barcelona el 2022.<\/h1>\n<p>El proper 9 i 10 de novembre de 2022, Barcelona acollir\u00e0 per <strong>tercera vegada<\/strong> un dels esdeveniments m\u00e9s importants per a emprenedors i startups, conegut com el <strong>BizBarcelona<\/strong> i el <strong>Sal\u00f3 de l\u2019Ocupaci\u00f3<\/strong> organitzat per la Fira de Barcelona.<\/p>\n<figure id=\"attachment_9199\" aria-describedby=\"caption-attachment-9199\" style=\"width: 300px\" class=\"wp-caption alignleft\"><img fetchpriority=\"high\" decoding=\"async\" class=\"wp-image-9199 size-medium\" src=\"https:\/\/www.berrly.com\/wp-content\/uploads\/2022\/10\/firamontjuic-300x202.png\" alt=\"\" width=\"300\" height=\"202\" srcset=\"https:\/\/www.berrly.com\/wp-content\/uploads\/2022\/10\/firamontjuic-300x202.png 300w, https:\/\/www.berrly.com\/wp-content\/uploads\/2022\/10\/firamontjuic-1024x688.png 1024w, https:\/\/www.berrly.com\/wp-content\/uploads\/2022\/10\/firamontjuic-768x516.png 768w, https:\/\/www.berrly.com\/wp-content\/uploads\/2022\/10\/firamontjuic.png 1042w\" sizes=\"(max-width: 300px) 100vw, 300px\" \/><figcaption id=\"caption-attachment-9199\" class=\"wp-caption-text\">Berrly al proper BizBarcelona i sal\u00f3 de l&#8217;ocupaci\u00f3 de 2022 a la Fira de Barcelona<\/figcaption><\/figure>\n<p style=\"text-align: left;\">L&#8217;esdeveniment tindr\u00e0 lloc a un dels recintes firals urbans m\u00e9s emblem\u00e0tics de la ciutat, el <strong>recinte de Montju\u00efc de la Fira de Barcelona<\/strong>. Es tracta d&#8217;una de les ubicacions m\u00e9s privilegiades, un espai que compta amb una superf\u00edcie de <strong>153.000 metres quadrats<\/strong> bruts per a exposicions al seu interior.<\/p>\n<p style=\"text-align: left;\">Els dos esdeveniments compten una vegada m\u00e9s amb el suport de l<strong>&#8216;<a href=\"https:\/\/www.barcelona.cat\/ca\/\" target=\"_blank\" rel=\"noopener\">Ajuntament de Barcelona<\/a><\/strong> gr\u00e0cies a <a href=\"https:\/\/www.barcelonactiva.cat\/\" target=\"_blank\" rel=\"noopener\"><strong>Barcelona Activa<\/strong><\/a> i la implicaci\u00f3 de l&#8217;<a href=\"https:\/\/www.amb.cat\/s\/es\/home.html\" target=\"_blank\" rel=\"noopener\">\u00c0rea metropolitana de Barcelona<\/a>, la <a href=\"https:\/\/lacambradetothom.cambrabcn.org\/\" target=\"_blank\" rel=\"noopener\">Cambra de Comer\u00e7 de Barcelona<\/a>, la <a href=\"https:\/\/www.diba.cat\/es\/\" target=\"_blank\" rel=\"noopener\">Diputaci\u00f3 de Barcelona<\/a> i el <a href=\"https:\/\/www.pimec.org\/\" target=\"_blank\" rel=\"noopener\">Pimec<\/a>. El <strong>C<\/strong><strong>l\u00faster catal\u00e0 de la ind\u00fastria i de l&#8217;esport<\/strong> (<a href=\"https:\/\/www.indescat.org\/\" target=\"_blank\" rel=\"noopener\"><strong>INDESCAT<\/strong><\/a>) del qual Berrly hi forma part, tamb\u00e9 hi assistir\u00e0 a aquest esdeveniment per a promoure les vies en desenvolupament del sector de l&#8217;esport al nostre pa\u00eds i com <strong>la digitalitzaci\u00f3<\/strong> juga un paper important per aconseguir-ho.<\/p>\n<p>A <strong><a href=\"https:\/\/www.berrly.com\/ca\/\" target=\"_blank\" rel=\"noopener\">Berrly<\/a><\/strong>, <em>SaaS (Software <\/em><em>as a Service<\/em>) especialitzat en la digitalitzaci\u00f3 d&#8217;organitzacions i clubs esportius i en la gesti\u00f3 del seus socis i aficionats, hem decidit aprofitar aquesta oportunitat d&#8217;or i assistir com a expositors al llarg de tot l&#8217;esdeveniment.<\/p>\n<p><strong>L&#8217;asistencia a l&#8217;esdeveniment es gratu\u00efta<\/strong> i podeu trobar las entrades de la Fira de Barcelona fent clic en <a href=\"https:\/\/registration.firabarcelona.com\/?cod_promh=6DMZC6fvUB&amp;gclid=Cj0KCQjwkt6aBhDKARIsAAyeLJ3l3GwqgqpFX5oLItHErFUCsmi9MHIyiuGKKB6tjGDKEFed6GrO-HEaArc6EALw_wcB#\/event\/home\" target=\"_blank\" rel=\"noopener\">aquest enlla\u00e7<\/a>. No dubteu a assistir per coneixer les<strong> ultimes tend\u00e8ncies de creaci\u00f3 i gesti\u00f3 de projectes empresarials<\/strong> i tamb\u00e9 per <strong>saludar-nos<\/strong>!<\/p>\n<p>&nbsp;<\/p>\n<h2>Qu\u00e8 \u00e9s el BizBarcelona?<\/h2>\n<p><a href=\"https:\/\/www.bizbarcelona.com\/\" target=\"_blank\" rel=\"noopener\"><img decoding=\"async\" class=\"aligncenter wp-image-9208 size-full\" src=\"https:\/\/www.berrly.com\/wp-content\/uploads\/2022\/10\/BizBarcelona.png\" alt=\"Berrly al proper BizBarcelona i sal\u00f3 de l'ocupaci\u00f3 de 2022 a la Fira de Barcelona\" width=\"900\" height=\"400\" srcset=\"https:\/\/www.berrly.com\/wp-content\/uploads\/2022\/10\/BizBarcelona.png 900w, https:\/\/www.berrly.com\/wp-content\/uploads\/2022\/10\/BizBarcelona-300x133.png 300w, https:\/\/www.berrly.com\/wp-content\/uploads\/2022\/10\/BizBarcelona-768x341.png 768w\" sizes=\"(max-width: 900px) 100vw, 900px\" \/><\/a><\/p>\n<p>El <a href=\"https:\/\/www.bizbarcelona.com\/\" target=\"_blank\" rel=\"noopener\">BizBarcelona<\/a> es un esdeveniment anual i de car\u00e0cter nacional per l&#8217;ecosistema del emprenement i las startups de la ciutat condal. Posa tot el seu focus i energia en la <strong>innovaci\u00f3<\/strong>, en el <strong>talent<\/strong> i el <strong>coneixement<\/strong> del m\u00f3n dels negocis a m\u00e9s de servir com fil conductor entre <a href=\"https:\/\/asobal.es\/noticias\/asobal-potencia-su-digitalizacion-junto-a-berrly-para-dinamizar-el--fan-engagement---\/7303\/\" target=\"_blank\" rel=\"noopener\">startups<\/a>, PYMES, emprenedors i aut\u00f2noms.<\/p>\n<p>El BizBarcelona uneix els seus esfor\u00e7os per a descubrir les noves tend\u00e8ncies i novetats dins del m\u00f3n dels negocis amb la finalitat de crear un espai \u00fanic i din\u00e0mic que comptar\u00e0 amb <strong>5 seccions clau:<\/strong><\/p>\n<p><strong><strong><a href=\"https:\/\/www.bizbarcelona.com\/actividades\/\" target=\"_blank\" rel=\"noopener\">1. Zona expositora<\/a><\/strong><\/strong><\/p>\n<p>La zona expositora ser\u00e0 dividida en dos espais. El primer anomenat <strong>&#8220;solucions innovadores&#8221;<\/strong> on les empreses i startups exposaran els seus productes i serveis i on\u00a0 Berrly ser\u00e0 present i podreu trobar-nos els dies 9 i 10 de novembre. El segon espai anomenat <strong>&#8220;espai ecosistema&#8221;<\/strong> on podr\u00e0s veure els diferentes serveis de les entitats que dinamitzen el sector.<\/p>\n<p><a href=\"https:\/\/www.bizbarcelona.com\/actividades\/congreso\/\" target=\"_blank\" rel=\"noopener\"><strong>2. Congr\u00e9s:<\/strong><\/a><\/p>\n<p>El congr\u00e9s comptar\u00e0 amb <strong>m\u00e9s de 120 confer\u00e8ncies i 300 expositors<\/strong>. Les tem\u00e0tiques <strong>seran diverses<\/strong>\u00a0des de com la Digitalitzaci\u00f3 \u00e9s el punt d&#8217;inflexi\u00f3 per al creixement i la generaci\u00f3 d&#8217;ingressos per als negocis fins a l&#8217;economia social i solid\u00e0ria <a href=\"https:\/\/www.berrly.com\/ca\/2021\/11\/digitalitzacio-del-tercer-sector\/\" target=\"_blank\" rel=\"noopener\">del tercer sector.<\/a><\/p>\n<p><a href=\"https:\/\/www.bizbarcelona.com\/actividades\/workshops\/\" target=\"_blank\" rel=\"noopener\"><strong>3. <\/strong><strong>Workshops<\/strong><\/a><\/p>\n<p>Aquesta secci\u00f3 comptar\u00e0 <strong>amb m\u00e9s de 40 tallers gratu\u00efts<\/strong> impartits per experts de diversos \u00e0mbits que donaran resposta a les diferents necessitats que existeixen en les PIMES i en les persones emprenedores.<\/p>\n<p><a href=\"https:\/\/www.bizbarcelona.com\/actividades\/networking\/\" target=\"_blank\" rel=\"noopener\"><strong>4. Networking<\/strong><\/a><\/p>\n<p>Aquesta secci\u00f3 va encaminada a <strong>crear<\/strong>, <strong>connectar<\/strong> i <strong>ampliar<\/strong> la xarxa de contactes de les\u00a0startups\u00a0i els emprenedors per a trobar diferents oportunitats de negoci i possibles futurs\u00a0<em>partners<\/em>. Aquestes activitats inclouran\u00a0<em>speed\u00a0datings<\/em>,\u00a0<em>market place<\/em>\u00a0i\u00a0f<em>ace\u00a0to\u00a0face<\/em>\u00a0entre moltes m\u00e9s.<\/p>\n<p><a href=\"https:\/\/www.bizbarcelona.com\/actividades\/asesoramiento\/\" target=\"_blank\" rel=\"noopener\"><strong>5. Assessorament<\/strong><\/a><\/p>\n<p>Aquesta \u00faltima secci\u00f3 es compondr\u00e0 <strong>de m\u00e9s de 50 experts i professionals<\/strong> de diferents \u00e0mbits que oferiran un <strong>assessorament gratu\u00eft durant 30 minuts.<\/strong><\/p>\n<p>Amb aix\u00f2 el <strong>BizBarcelona<\/strong> es vol convertir en un <strong>esdeveniment de refer\u00e8ncia al m\u00f3n de l&#8217;emprenedoria<\/strong>. Busca impulsar l&#8217;ecosistema emprenedor i empresarial de Barcelona a partir d&#8217;explorar les noves tend\u00e8ncies que envolten els negocis per identificar nous recursos i inspirar els seus assistents.<\/p>\n<p>&nbsp;<\/p>\n<h2>Qu\u00e8 \u00e9s el Sal\u00f3 de L&#8217;Ocupaci\u00f3?<\/h2>\n<p><a href=\"https:\/\/www.salocupacio.com\/\" target=\"_blank\" rel=\"noopener\"><img decoding=\"async\" class=\"alignnone wp-image-9213 size-full\" src=\"https:\/\/www.berrly.com\/wp-content\/uploads\/2022\/10\/logo-salo.png\" alt=\"Berrly al proper BizBarcelona i sal\u00f3 de l'ocupaci\u00f3 de 2022 a la Fira de Barcelona\" width=\"900\" height=\"400\" srcset=\"https:\/\/www.berrly.com\/wp-content\/uploads\/2022\/10\/logo-salo.png 900w, https:\/\/www.berrly.com\/wp-content\/uploads\/2022\/10\/logo-salo-300x133.png 300w, https:\/\/www.berrly.com\/wp-content\/uploads\/2022\/10\/logo-salo-768x341.png 768w\" sizes=\"(max-width: 900px) 100vw, 900px\" \/><\/a><\/p>\n<p>L&#8217;esdeveniment del BizBarcelona 2022 \u00a0se celebrar\u00e0 al costat del <a href=\"https:\/\/www.salocupacio.com\/\" target=\"_blank\" rel=\"noopener\"><strong>Sal\u00f3 de l\u2019Ocupaci\u00f3 2022<\/strong>.<\/a> El Sal\u00f3 de l&#8217;Ocupaci\u00f3 \u00e9s <strong>l&#8217;esdeveniment per excel\u00b7l\u00e8ncia del m\u00f3n del treball<\/strong>. El seu objectiu principal \u00e9s liderar el futur laboral dels seus visitants segons les necessitats que tinguin.<\/p>\n<p>Des de persones que busquen feina, volen reorientar-la o enfocar el seu futur professional, el Sal\u00f3 de l&#8217;Ocupaci\u00f3 est\u00e0 <strong>dotat de m\u00faltiples activitats<\/strong> que permetran als participants trobar noves oportunitats i solucionar les seves necessitats. El Sal\u00f3 de l\u2019Ocupaci\u00f3\u00a0segueix una estructura semblant al\u00a0BizBarcelona\u00a0i est\u00e0 compost per 5 seccions:<\/p>\n<p><strong><a href=\"https:\/\/www.salocupacio.com\/reorientat\/\" target=\"_blank\" rel=\"noopener\">1. Orienta&#8217;t<\/a><\/strong><\/p>\n<p>Els assistents tindran l&#8217;oportunitat d&#8217;obtenir <strong>assessorament personalitzat<\/strong> per enfocar el seu futur professional. Des de trobar una primera feina o posar en marxa el seu projecte emprenedor.<\/p>\n<p><strong><a href=\"https:\/\/www.salocupacio.com\/redescobreix\/\" target=\"_blank\" rel=\"noopener\">2. Descubreix<\/a><\/strong><\/p>\n<p>En aquesta secci\u00f3, els participants podran <strong>explorar els diferents oficis i professions<\/strong> existents segons el grau de formaci\u00f3 i estudis que es tingui. Gran part d&#8217;aquesta secci\u00f3 es dedicar\u00e0 a <strong>noves propostes d&#8217;entitats del tercer sector.<\/strong><\/p>\n<p><strong><a href=\"https:\/\/www.salocupacio.com\/preparat\/\" target=\"_blank\" rel=\"noopener\">3. Prepara&#8217;t<\/a><\/strong><\/p>\n<p>Amb una orientaci\u00f3 <strong>m\u00e9s pr\u00e0ctica i de taller<\/strong>, aqu\u00ed s&#8217;ensenyaran les diferents t\u00e8cniques, estrat\u00e8gies i eines que hi ha avui dia per millorar el proc\u00e9s de cerca de feina i ampliar la xarxa de contactes. Activitats que van des de confer\u00e8ncies, tallers din\u00e0mics de grup, assessorament de CV i v\u00eddeo Curr\u00edculum.<\/p>\n<p><strong><a href=\"https:\/\/www.salocupacio.com\/talentxbcn\/\" target=\"_blank\" rel=\"noopener\">4. Talent<\/a><\/strong><\/p>\n<p>Aqu\u00ed descobrir\u00e0s <strong>quin talent necessiten les empreses<\/strong>, i quins s\u00f3n els <strong>sectors amb m\u00e9s potencial per captar talent<\/strong>. A m\u00e9s, s&#8217;exploraran valors essencials per al m\u00f3n del treball com la <strong><a href=\"https:\/\/www.berrly.com\/ca\/2022\/06\/identitat-de-genere-i-l-inclusio-social\/\" target=\"_blank\" rel=\"noopener\">diversitat i la inclusi\u00f3<\/a><\/strong> i l&#8217;esperit de treball en equip.<\/p>\n<p><strong><a href=\"https:\/\/www.salocupacio.com\/emprendre\/\" target=\"_blank\" rel=\"noopener\">5. Empr\u00e8n<\/a><\/strong><\/p>\n<p>Seran confer\u00e8ncies amb el <strong>prop\u00f2sit d&#8217;inspirar<\/strong> els seus participants i ampliar les seves perspectives a l&#8217;hora de comen\u00e7ar els projectes emprenedors.<\/p>\n<div style=\"box-sizing: border-box; padding: 40px 60px 40px 60px; background-color: #f0ecfc; border-radius: 8px;\">\n<h3><strong>\ud83d\udce2\u00a0 Recorda!<\/strong><\/h3>\n<ul>\n<li>Encara que els esdeveniments es desenvoluparan al mateix espai dins de la Fira de Barcelona de Montju\u00efc <strong>cadasc\u00fa se centrar\u00e0<\/strong> a satisfer les necessitats del seu <strong>p\u00fablic objectiu<\/strong>.<\/li>\n<\/ul>\n<\/div>\n<p>&nbsp;<\/p>\n<p>&nbsp;<\/p>\n<h2>BizBarcelona i el Sal\u00f3 de L\u2019Ocupaci\u00f3: Esdeveniments fonamentals per al desenvolupament econ\u00f2mic de Barcelona<\/h2>\n<p>El <strong>2021, els esdeveniments es van celebrar de manera conjunta<\/strong> i van donar lloc a una <strong>necess\u00e0ria i urgent reactivaci\u00f3<\/strong> del talent i dels negocis a la ciutat comtal despr\u00e9s de la crisi del COVID-19. Aquests esdeveniments s\u00f3n de gran import\u00e0ncia per a la ciutat comtal ja que actuen com a punt de retrobament anual entre el coneixement i el talent.<\/p>\n<h3>La seva import\u00e0ncia es reagrupa en dos punts:<\/h3>\n<h4>\u25cf Talent i exposici\u00f3:<\/h4>\n<p>Tant el BizBarcelona com el Sal\u00f3 de l\u2019Ocupaci\u00f3 busquen <strong>posar al centre<\/strong> de les seves propostes <strong>a les persones<\/strong>. Busquen aconsellar, ajudar i solucionar les necessitats existents dels seus assistents perqu\u00e8 m\u00e9s endavant les empreses puguin desenvolupar-se i cr\u00e9ixer mentre que les persones puguin emprendre, enfocar les seves carreres professionals i millorar el seu futur laboral.<\/p>\n<p>Tamb\u00e9 ofereixen <strong>una oportunitat \u00fanica<\/strong> perqu\u00e8 les empreses i startups es donin a con\u00e8ixer al m\u00f3n i posar \u00e8mfasi en un concepte que cada cop se sent m\u00e9s, <strong>la digitalitzaci\u00f3<\/strong>.<\/p>\n<h4>\u25cf Digitalitzaci\u00f3:<\/h4>\n<p>La digitalitzaci\u00f3 o la transformaci\u00f3 digital <a href=\"https:\/\/www.gartner.com\/en\/information-technology\/glossary\/digitalization\" target=\"_blank\" rel=\"noopener\">segons Gartner<\/a> \u00e9s: \u201cL&#8217;\u00fas de tecnologies digitals per a canviar un model de negoci i proporcionar nous ingressos i oportunitats per crear m\u00e9s valor\u201d. En un entorn cada vegada m\u00e9s competitiu, incert i inestable \u00e9s <strong>indispensable que les empreses implementin tecnologies digitals<\/strong> per a augmentar la seva productivitat, la seva efici\u00e8ncia i millorar els seus marges de benefici perqu\u00e8 puguin <strong>mantenir-se competitives<\/strong>.<\/p>\n<p>Avui dia, <strong>les startups juguen un rol important en el creixement econ\u00f2mic de les ciutats<\/strong>. S\u00f3n punts c\u00e8ntrics i estrat\u00e8gics de la innovaci\u00f3 on es creen noves oportunitats de llocs de treball. Aix\u00f2 equival a una major ocupabilitat que al seu torn es tradueix en <strong>una millora en l&#8217;economia<\/strong> i en un <strong>impacte<\/strong> a les ciutats en les quals decideixen establir-se a nivell <strong>cultural<\/strong>, <strong>econ\u00f2mic<\/strong> i <strong>tecnol\u00f2gic<\/strong>.<\/p>\n<p>En afavorir aquests esdeveniments i donar les eines necess\u00e0ries perqu\u00e8 les empreses rebin la digitalitzaci\u00f3 amb els bra\u00e7os oberts, <strong>Barcelona<\/strong> es posiciona com una <strong>ciutat on es gesta i s&#8217;incuba el talent<\/strong> al m\u00f3n dels negocis a m\u00e9s d&#8217;actuar com a <strong>l\u00edder<\/strong> que busca conduir el <strong>canvi mitja<\/strong><strong>n\u00e7ant la digitalitzaci\u00f3<\/strong> i aconseguir ser una pot\u00e8ncia econ\u00f2mica.<\/p>\n<h2>Berrly al BizBarcelona 2022<\/h2>\n<p>A <strong>Berrly<\/strong> tamb\u00e9 ens agrada la idea de situar <strong>a les persones en el centre<\/strong> ja que creiem que \u00e9s gr\u00e0cies a elles que les organitzacions s&#8217;articulen i es desenvolupen. Els valors que formen i consoliden Berrly s&#8217;alineen a la perfecci\u00f3 amb els valors de l&#8217;esdeveniment. El <strong>BizBarcelona 2022<\/strong> es una <strong>oportunitat id\u00edl\u00b7lica de cr\u00e9ixer com a Startup<\/strong> i de catapultar-nos cap a nous i excitants horitzons amb l&#8217;objectiu <strong>que el m\u00f3n ens escolti<\/strong>.<\/p>\n<p>Podreu <strong>trobar a Berrly en la zona d&#8217;expositors del BizBarcelona 2022<\/strong> com una de les startups l\u00edders i pioneres en la digitalitzaci\u00f3 d&#8217;organitzacions i clubs esportius. Tant \u00e9s aix\u00ed qu\u00e8 Berrly formar\u00e0 part dels participants del <em>Pitch Competition<\/em> del <strong>BizBarcelona &amp; AticcoLab!<\/strong><\/p>\n<h2>Berrly al <em>Pitch Competition<\/em> d&#8217;AticcoLab &amp; BizBarcelona<\/h2>\n<p><a href=\"https:\/\/aticco.com\/pitch-competition-biz-barcelona\/\" target=\"_blank\" rel=\"noopener\"><img loading=\"lazy\" decoding=\"async\" class=\"alignleft wp-image-9224 size-medium\" src=\"https:\/\/www.berrly.com\/wp-content\/uploads\/2022\/10\/pitchberrly-300x141.jpg\" alt=\"Berrly al proper BizBarcelona i sal\u00f3 de l'ocupaci\u00f3 de 2022 a la Fira de Barcelona\" width=\"300\" height=\"141\" srcset=\"https:\/\/www.berrly.com\/wp-content\/uploads\/2022\/10\/pitchberrly-300x141.jpg 300w, https:\/\/www.berrly.com\/wp-content\/uploads\/2022\/10\/pitchberrly-1024x481.jpg 1024w, https:\/\/www.berrly.com\/wp-content\/uploads\/2022\/10\/pitchberrly-768x361.jpg 768w, https:\/\/www.berrly.com\/wp-content\/uploads\/2022\/10\/pitchberrly.jpg 1200w\" sizes=\"(max-width: 300px) 100vw, 300px\" \/><\/a><\/p>\n<p>El 9 de novembre, <a href=\"https:\/\/aticcolab.com\/\" target=\"_blank\" rel=\"noopener\"><strong>AticcoLab<\/strong><\/a>, una plataforma d&#8217;innovaci\u00f3 global impulsadora de startups donar\u00e0 peu amb el BizBarcelona a un <a href=\"https:\/\/aticco.com\/pitch-competition-biz-barcelona\/\" target=\"_blank\" rel=\"noopener\"><strong><em>Pitch Competition<\/em><\/strong> <\/a>sobre <strong>solucions per a la digitalitzaci\u00f3 d&#8217;empreses i negocis<\/strong>. L&#8217;objectiu \u00e9s donar visibilitat i oferir recursos a les startups innovadores que aportin solucions per a la digitalitzaci\u00f3 d&#8217;entitats.<\/p>\n<h2>Qu\u00e8 \u00e9s un <em>Pitch Competition<\/em>?<\/h2>\n<p>Un <em>Pitch Competition<\/em> \u00e9s un concurs en el qual els <strong>participants presenten el seu concepte o model de negoci<\/strong> a un jurat amb la finalitat de <strong>guanyar un premi en efectiu o una ronda de finan\u00e7ament<\/strong>. Els <em>Pitch Competition<\/em> ofereixen grans oportunitats a les startups. Els permet expandir el seu cercle social amb els participants, connectar amb futurs inversors i descobrir nous recursos que els permetr\u00e0 cr\u00e9ixer i desenvolupar-se.<\/p>\n<div style=\"box-sizing: border-box; padding: 40px 60px 40px 60px; background-color: #f0ecfc; border-radius: 8px;\">\n<h3>En aquest cas, la startup guanyadora del <em>Pitch Competition<\/em> d&#8217;AticcoLab &amp; BizBarcelona rebr\u00e0 un paquet d&#8217;ajudes valorat en m\u00e9s de 3000\u20ac que inclou:<\/h3>\n<ul>\n<li>Entrevista difosa a tots els canals.<\/li>\n<li>Fast track al programa d\u00b4acceleraci\u00f3 d\u00b4AticcoLab.<\/li>\n<li>Entrevista i menci\u00f3 a mitjans nacionals.<\/li>\n<li>Booth per a startups a la propera edici\u00f3.<\/li>\n<\/ul>\n<h3>Les startups que es classifiquin com a finalistes tamb\u00e9 obtindran una multitud de beneficis:<\/h3>\n<ul>\n<li>Visibilitat als canals de BizBarcelona i AticcoLab.<\/li>\n<li>3 mesos gratis a Aticco Worksapces.<\/li>\n<li>Poder presentar a la zona Startups del Biz.<\/li>\n<li>Descompte per tenir un Booth a la zona AticcoLab.<\/li>\n<\/ul>\n<\/div>\n<p>&nbsp;<\/p>\n<p>Des de <strong>Berrly<\/strong>, startup <strong>fortament involucrada al m\u00f3n de la digitalitzaci\u00f3<\/strong> <strong>de les organitzacions<\/strong> i a <strong>enfortir les relacions amb els seus socis<\/strong> mitjan\u00e7ant les nostres eines digitals, no podr\u00edem estar m\u00e9s entusiasmats per assistir al BizBarcelona 2022 a la Fira de Barcelona a Montju\u00efc i participar al <em>Pitch Competition <\/em>d&#8217;AticcoLab el proper 9 de novembre.<\/p>\n<p><strong>Esperem veure-us aviat i desitgem sort a tots els participants!<\/strong><\/p>\n<p>Vols provar Berrly!? No t&#8217;ho pensis m\u00e9s! Ara pots provar Berrly de <a href=\"https:\/\/app.berrly.com\/signup?lang=es&amp;license=ADVANCED\" target=\"_blank\" rel=\"noopener\">manera grau\u00efta durant dues setmanes<\/a> o millor encara, <a href=\"https:\/\/tidycal.com\/lauranadal\/berrly-reunion-de-30-minutos\" target=\"_blank\" rel=\"noopener\">fer una reuni\u00f3 amb nosaltres<\/a>. Si voleu alguna cosa, no dubteu en <a href=\"https:\/\/www.berrly.com\/es\/contacto\/\" target=\"_blank\" rel=\"noopener\">contactar-nos<\/a>.<\/p>\n<p>&nbsp;<\/p>\n<p>&nbsp;<\/p>\n","protected":false},"excerpt":{"rendered":"<p>El BizBarcelona i el Sal\u00f3 de l&#8217;Ocupaci\u00f3 a la Fira de Barcelona el 2022. El proper 9 i 10 de novembre de 2022, Barcelona acollir\u00e0 per tercera vegada un dels esdeveniments m\u00e9s importants per a emprenedors i startups, conegut com el BizBarcelona i el Sal\u00f3 de l\u2019Ocupaci\u00f3 organitzat per la Fira de Barcelona. L&#8217;esdeveniment tindr\u00e0 [&hellip;]<\/p>\n","protected":false},"author":5,"featured_media":9202,"comment_status":"closed","ping_status":"open","sticky":false,"template":"","format":"standard","meta":{"_acf_changed":false,"footnotes":""},"categories":[44],"tags":[48,111,80,112],"class_list":["post-9181","post","type-post","status-publish","format-standard","has-post-thumbnail","hentry","category-blog-ca","tag-berrly","tag-bizbarcelona-2022","tag-events","tag-fira-de-barcelona-2022"],"acf":[],"_links":{"self":[{"href":"https:\/\/www.berrly.com\/ca\/wp-json\/wp\/v2\/posts\/9181","targetHints":{"allow":["GET"]}}],"collection":[{"href":"https:\/\/www.berrly.com\/ca\/wp-json\/wp\/v2\/posts"}],"about":[{"href":"https:\/\/www.berrly.com\/ca\/wp-json\/wp\/v2\/types\/post"}],"author":[{"embeddable":true,"href":"https:\/\/www.berrly.com\/ca\/wp-json\/wp\/v2\/users\/5"}],"replies":[{"embeddable":true,"href":"https:\/\/www.berrly.com\/ca\/wp-json\/wp\/v2\/comments?post=9181"}],"version-history":[{"count":0,"href":"https:\/\/www.berrly.com\/ca\/wp-json\/wp\/v2\/posts\/9181\/revisions"}],"wp:featuredmedia":[{"embeddable":true,"href":"https:\/\/www.berrly.com\/ca\/wp-json\/wp\/v2\/media\/9202"}],"wp:attachment":[{"href":"https:\/\/www.berrly.com\/ca\/wp-json\/wp\/v2\/media?parent=9181"}],"wp:term":[{"taxonomy":"category","embeddable":true,"href":"https:\/\/www.berrly.com\/ca\/wp-json\/wp\/v2\/categories?post=9181"},{"taxonomy":"post_tag","embeddable":true,"href":"https:\/\/www.berrly.com\/ca\/wp-json\/wp\/v2\/tags?post=9181"}],"curies":[{"name":"wp","href":"https:\/\/api.w.org\/{rel}","templated":true}]}}