{"id":9240,"date":"2022-10-28T18:07:03","date_gmt":"2022-10-28T16:07:03","guid":{"rendered":"https:\/\/www.berrly.com\/?p=9240"},"modified":"2024-01-08T09:17:22","modified_gmt":"2024-01-08T08:17:22","slug":"berrly-en-el-proximo-bizbarcelona-y-salo-de-locupacio-de-2022-en-la-fira-de-barcelona","status":"publish","type":"post","link":"https:\/\/www.berrly.com\/es\/2022\/10\/berrly-en-el-proximo-bizbarcelona-y-salo-de-locupacio-de-2022-en-la-fira-de-barcelona\/","title":{"rendered":"Berrly en el pr\u00f3ximo BizBarcelona y Sal\u00f3 de l&#8217;Ocupaci\u00f3 de 2022 en la Fira de Barcelona"},"content":{"rendered":"<h1>El BizBarcelona y el Sal\u00f3 de l&#8217;Ocupaci\u00f3 en la Fira de Barcelona en 2022<\/h1>\n<p><span style=\"font-weight: 400;\">El pr\u00f3ximo 9 y 10\u00a0 de noviembre de 2022, Barcelona acoger\u00e1 por tercera vez uno de los eventos m\u00e1s importantes para emprendedores y startups, conocido como el <\/span><b>BizBarcelona<\/b><span style=\"font-weight: 400;\"> junto al <\/span><b>Sal\u00f3 de l\u2019Ocupaci\u00f3<\/b><span style=\"font-weight: 400;\"> organizado por la <\/span><b>Fira de Barcelona<\/b><span style=\"font-weight: 400;\">.<\/span><\/p>\n<figure id=\"attachment_9201\" aria-describedby=\"caption-attachment-9201\" style=\"width: 300px\" class=\"wp-caption alignleft\"><img fetchpriority=\"high\" decoding=\"async\" class=\"size-medium wp-image-9201\" src=\"https:\/\/www.berrly.com\/wp-content\/uploads\/2022\/10\/firamontjuic-300x202.png\" alt=\"Berrly en el pr\u00f3ximo BizBarcelona y sal\u00f3n de la ocupaci\u00f3n de 2022 en la Fira de Barcelona\" width=\"300\" height=\"202\" srcset=\"https:\/\/www.berrly.com\/wp-content\/uploads\/2022\/10\/firamontjuic-300x202.png 300w, https:\/\/www.berrly.com\/wp-content\/uploads\/2022\/10\/firamontjuic-1024x688.png 1024w, https:\/\/www.berrly.com\/wp-content\/uploads\/2022\/10\/firamontjuic-768x516.png 768w, https:\/\/www.berrly.com\/wp-content\/uploads\/2022\/10\/firamontjuic.png 1042w\" sizes=\"(max-width: 300px) 100vw, 300px\" \/><figcaption id=\"caption-attachment-9201\" class=\"wp-caption-text\">Berrly en el pr\u00f3ximo BizBarcelona y sal\u00f3n de la ocupaci\u00f3n de 2022 en la Fira de Barcelona<\/figcaption><\/figure>\n<p><span style=\"font-weight: 400;\">El acontecimiento tendr\u00e1 lugar en uno de los recintos feriales urbanos m\u00e1s emblem\u00e1ticos de la ciudad, <strong>el recinto de <\/strong><\/span><b>Montjuic de la Fira de Barcelona<\/b><span style=\"font-weight: 400;\">. Se trata de una de las ubicaciones m\u00e1s privilegiadas, un espacio que cuenta con una superficie de <\/span><b>153.000 metros cuadrados<\/b> <span style=\"font-weight: 400;\">brutos para exposiciones en su interior.\u00a0<\/span><\/p>\n<p><span style=\"font-weight: 400;\">Los dos eventos cuentan una vez m\u00e1s con el apoyo del <\/span><a href=\"https:\/\/www.barcelona.cat\/ca\/\" target=\"_blank\" rel=\"noopener\"><b>Ayuntamiento de Barcelona<\/b><\/a><span style=\"font-weight: 400;\"> gracias a <\/span><a href=\"https:\/\/www.barcelonactiva.cat\/\" target=\"_blank\" rel=\"noopener\"><b>Barcelona Activa<\/b><\/a><span style=\"font-weight: 400;\"> junto a la implicaci\u00f3n del <a href=\"https:\/\/www.amb.cat\/s\/es\/home.html\" target=\"_blank\" rel=\"noopener\">\u00c1rea metropolitana de Barcelona<\/a>, la <a href=\"https:\/\/lacambradetothom.cambrabcn.org\/\" target=\"_blank\" rel=\"noopener\">C\u00e1mara de Comercio de Barcelona<\/a>, la <a href=\"https:\/\/www.diba.cat\/es\/\" target=\"_blank\" rel=\"noopener\">Diputaci\u00f3n de Barcelona<\/a> y el <a href=\"https:\/\/www.pimec.org\/\" target=\"_blank\" rel=\"noopener\">Pimec<\/a>. El<strong> Cl\u00faster catal\u00e1n de la industria y del deporte<\/strong> (<strong><a href=\"https:\/\/www.indescat.org\/\" target=\"_blank\" rel=\"noopener\">INDESCAT<\/a>)\u00a0<\/strong>del que Berrly forma parte, tambi\u00e9n asistir\u00e1 al evento para promover las v\u00edas de d<\/span><span style=\"font-weight: 400;\">esarrollo del sector deportivo de nuestro pa\u00eds y como la digitalizaci\u00f3n juega un papel importante para conseguirlo.<\/span><\/p>\n<p>En<a href=\"https:\/\/www.berrly.com\/es\/\" target=\"_blank\" rel=\"noopener\"><strong> Berrly<\/strong><\/a>, <em>SaaS (Software as a Service) \u00a0<\/em>especializado en la digitalizaci\u00f3n de organizaciones y clubes deportivos y en la gesti\u00f3n de sus socios y aficionados, hemos decidido aprovechar esta oportunidad de oro y asistir como expositores a lo largo de todo el evento.<\/p>\n<p><span style=\"font-weight: 400;\"><strong>La asistencia al evento es gratuita<\/strong> y podr\u00e9is encontrar las entradas de la Fira de Barcelona en este <\/span><a href=\"https:\/\/registration.firabarcelona.com\/?cod_promh=6DMZC6fvUB&amp;gclid=Cj0KCQjwkt6aBhDKARIsAAyeLJ3l3GwqgqpFX5oLItHErFUCsmi9MHIyiuGKKB6tjGDKEFed6GrO-HEaArc6EALw_wcB#\/event\/home\" target=\"_blank\" rel=\"noopener\"><b>enlace<\/b><\/a><span style=\"font-weight: 400;\">. \u00a1No dud\u00e9is en asistir para conocer<strong> las \u00faltimas tendencias de creaci\u00f3n y gesti\u00f3n de proyectos empresariales<\/strong> y tambi\u00e9n para<strong> saludarnos<\/strong>! <\/span><\/p>\n<p>&nbsp;<\/p>\n<h2>\u00bfQu\u00e9 es el BizBarcelona?<\/h2>\n<p><a href=\"https:\/\/www.bizbarcelona.com\/\" target=\"_blank\" rel=\"noopener\"><img decoding=\"async\" class=\"wp-image-9210 size-full\" src=\"https:\/\/www.berrly.com\/wp-content\/uploads\/2022\/10\/BizBarcelona.png\" alt=\"Berrly en el pr\u00f3ximo BizBarcelona y sal\u00f3n de la ocupaci\u00f3n de 2022 en la Fira de Barcelona\" width=\"900\" height=\"400\" srcset=\"https:\/\/www.berrly.com\/wp-content\/uploads\/2022\/10\/BizBarcelona.png 900w, https:\/\/www.berrly.com\/wp-content\/uploads\/2022\/10\/BizBarcelona-300x133.png 300w, https:\/\/www.berrly.com\/wp-content\/uploads\/2022\/10\/BizBarcelona-768x341.png 768w\" sizes=\"(max-width: 900px) 100vw, 900px\" \/><\/a><\/p>\n<p><span style=\"font-weight: 400;\">El <\/span><a href=\"https:\/\/www.bizbarcelona.com\/\" target=\"_blank\" rel=\"noopener\"><b>BizBarcelona<\/b><\/a><span style=\"font-weight: 400;\"> es un evento anual y de car\u00e1cter nacional para el ecosistema del emprendimiento y las startups de la ciudad condal.\u00a0<\/span><span style=\"font-weight: 400;\">Pone todo su foco y energ\u00eda en la <strong>innovaci\u00f3n<\/strong>, en el <strong>talento<\/strong> y el <strong>conocimiento<\/strong> del mundo de los negocios adem\u00e1s de servir como <\/span>hilo conductor<span style=\"font-weight: 400;\"> entre <\/span><a href=\"https:\/\/asobal.es\/noticias\/asobal-potencia-su-digitalizacion-junto-a-berrly-para-dinamizar-el--fan-engagement---\/7303\/\" target=\"_blank\" rel=\"noopener\"><span style=\"font-weight: 400;\">startups<\/span><\/a><span style=\"font-weight: 400;\">, PYMES, emprendedores y personas aut\u00f3nomas.\u00a0<\/span><\/p>\n<p><span style=\"font-weight: 400;\">El BizBarcelona a\u00fana sus esfuerzos en descubrir las nuevas tendencias y novedades dentro del mundo de los negocios y busca crear un espacio \u00fanico y din\u00e1mico que contar\u00e1 con <\/span><b>5 secciones clave:<\/b><\/p>\n<p><a href=\"https:\/\/www.bizbarcelona.com\/#form-contacte\" target=\"_blank\" rel=\"noopener\"><strong>1. Zona expositora<\/strong><\/a><\/p>\n<p>La zona expositora estar\u00e1 dividida en dos espacios. El primero denominado <strong>\u00absoluciones innovadoras\u00bb<\/strong> donde las empresas y startups expondr\u00e1n sus productos y servicios y donde Berrly estar\u00e1 presente y podr\u00e9is encontrarnos los d\u00edas 9 y 10 de noviembre. El segundo espacio denominado <strong>\u00abespacio ecosistema\u00bb<\/strong> donde podr\u00e1s ver las diferentes entidades que dinamizan el sector.<\/p>\n<p><a href=\"https:\/\/www.bizbarcelona.com\/actividades\/congreso\/\" target=\"_blank\" rel=\"noopener\"><strong>2. Congreso\u00a0<\/strong><\/a><\/p>\n<p><span style=\"font-weight: 400;\">El congreso contar\u00e1 con m\u00e1s de <\/span><b>120 conferencias y 300 expositores.<\/b><span style=\"font-weight: 400;\">\u00a0Las tem\u00e1ticas <strong>ser\u00e1n diversas<\/strong>\u00a0desde como la Digitalizaci\u00f3n es el punto de inflexi\u00f3n para el crecimiento y la generaci\u00f3n de ingresos para los negocios hasta <\/span><a href=\"https:\/\/www.berrly.com\/es\/2021\/11\/digitalitzacion-del-tercer-sector\/\"><span style=\"font-weight: 400;\">la econom\u00eda social y solidaria del tercer sector<\/span><\/a><span style=\"font-weight: 400;\">.<\/span><\/p>\n<p><a href=\"https:\/\/www.bizbarcelona.com\/actividades\/workshops\/\" target=\"_blank\" rel=\"noopener\"><strong>3. Workshops<\/strong><\/a><\/p>\n<p><span style=\"font-weight: 400;\">Esta secci\u00f3n contar\u00e1 con m\u00e1s de <\/span><b>40 talleres gratuitos impartidos por expertos<\/b><span style=\"font-weight: 400;\"> de diversos \u00e1mbitos que dar\u00e1n respuesta a las diferentes necesidades que existen en las PYMES y en las personas emprendedoras.<\/span><\/p>\n<p><a href=\"https:\/\/www.bizbarcelona.com\/actividades\/networking\/\" target=\"_blank\" rel=\"noopener\"><strong>4. Networking<\/strong><\/a><\/p>\n<p><span style=\"font-weight: 400;\">Esta secci\u00f3n va encaminada a <\/span><b>crear, conectar y ampliar<\/b><span style=\"font-weight: 400;\"> la red de contactos de las startups y los emprendedores para encontrar diferentes oportunidades de negocio y posibles futuros partners. Estas actividades incluir\u00e1n <\/span><i><span style=\"font-weight: 400;\">speed datings<\/span><\/i><span style=\"font-weight: 400;\">, <\/span><i><span style=\"font-weight: 400;\">market place<\/span><\/i><span style=\"font-weight: 400;\"> y <\/span><i><span style=\"font-weight: 400;\">face to face<\/span><\/i><span style=\"font-weight: 400;\"> entre muchas m\u00e1s.\u00a0<\/span><\/p>\n<p><a href=\"https:\/\/www.bizbarcelona.com\/actividades\/asesoramiento\/\" target=\"_blank\" rel=\"noopener\"><strong>5. Asesoramiento<\/strong><\/a><\/p>\n<p><span style=\"font-weight: 400;\">Esta \u00faltima secci\u00f3n se compondr\u00e1\u00a0 <\/span><b>de m\u00e1s de 50 expertos y profesionales de <\/b>diferentes \u00e1mbitos <span style=\"font-weight: 400;\">que ofrecer\u00e1n un <\/span><b>asesoramiento gratuito durante 30 minutos.\u00a0<\/b><\/p>\n<p><span style=\"font-weight: 400;\">Con esto, BizBarcelona se convierte en un <\/span><b>evento de referencia<\/b><span style=\"font-weight: 400;\"> en <strong>el mundo del <\/strong><\/span><b>emprendimiento<\/b><span style=\"font-weight: 400;\">. Busca impulsar el ecosistema emprendedor y empresarial de Barcelona a partir de explorar las nuevas tendencias que rodean a los negocios con el objetivo de identificar nuevos recursos e inspirar a sus asistentes. <\/span><\/p>\n<p>&nbsp;<\/p>\n<h2>\u00bfQu\u00e9 es el Sal\u00f3 de l&#8217;Ocupaci\u00f3?<\/h2>\n<p><a href=\"https:\/\/www.salocupacio.com\/\" target=\"_blank\" rel=\"noopener\"><img decoding=\"async\" class=\"wp-image-9215 size-full\" src=\"https:\/\/www.berrly.com\/wp-content\/uploads\/2022\/10\/logo-salo.png\" alt=\"Berrly en el pr\u00f3ximo BizBarcelona y sal\u00f3n de la ocupaci\u00f3n de 2022 en la Fira de Barcelona\" width=\"900\" height=\"400\" srcset=\"https:\/\/www.berrly.com\/wp-content\/uploads\/2022\/10\/logo-salo.png 900w, https:\/\/www.berrly.com\/wp-content\/uploads\/2022\/10\/logo-salo-300x133.png 300w, https:\/\/www.berrly.com\/wp-content\/uploads\/2022\/10\/logo-salo-768x341.png 768w\" sizes=\"(max-width: 900px) 100vw, 900px\" \/><\/a><\/p>\n<p><span style=\"font-weight: 400;\">El evento de BizBarcelona 2022 se celebrar\u00e1 de la mano junto al <\/span><a href=\"https:\/\/www.salocupacio.com\/\" target=\"_blank\" rel=\"noopener\"><b>Sal\u00f3 de l\u2019Ocupaci\u00f3<\/b><\/a><span style=\"font-weight: 400;\"> 2022, conocido en castellano como el <\/span><b>Sal\u00f3n de la Ocupaci\u00f3n<\/b><span style=\"font-weight: 400;\">.\u00a0<\/span><span style=\"font-weight: 400;\">El Sal\u00f3 de l\u2019Ocupaci\u00f3 es el <\/span><b>evento por excelencia<\/b><span style=\"font-weight: 400;\"> del mundo del trabajo. Su objetivo principal es liderar el futuro laboral de los visitantes seg\u00fan las necesidades que tengan.\u00a0\u00a0<\/span><\/p>\n<p><span style=\"font-weight: 400;\">Desde personas que buscan trabajo, quieren reorientarlo o enfocar su futuro profesional el Sal\u00f3 de l\u2019Ocupaci\u00f3 est\u00e1 <strong>dotado de m\u00faltiples actividades<\/strong> que permitir\u00e1n a sus participantes encontrar nuevas oportunidades y solucionar sus necesidades.\u00a0<\/span><span style=\"font-weight: 400;\">El Sal\u00f3 de l\u2019Ocupaci\u00f3 sigue una estructura parecida al BizBarcelona y est\u00e1 compuesto por <\/span><b>5 secciones<\/b><span style=\"font-weight: 400;\">:<\/span><\/p>\n<p><a href=\"https:\/\/www.salocupacio.com\/reorientat\/\" target=\"_blank\" rel=\"noopener\"><strong>1. Ori\u00e9ntate<\/strong><\/a><\/p>\n<p><span style=\"font-weight: 400;\">Los asistentes tendr\u00e1n la oportunidad de obtener <\/span><b>asesoramiento personalizado<\/b><span style=\"font-weight: 400;\"> para enfocar su futuro profesional. Desde encontrar un primer trabajo o poner en marcha su proyecto emprendedor.<\/span><\/p>\n<p><a href=\"https:\/\/www.salocupacio.com\/redescobreix\/\" target=\"_blank\" rel=\"noopener\"><strong>2. Descubre<\/strong><\/a><\/p>\n<p><span style=\"font-weight: 400;\">En esta secci\u00f3n los participantes podr\u00e1n<strong> explorar los <\/strong><\/span><b>diferentes oficios y profesiones<\/b><span style=\"font-weight: 400;\"> que existen seg\u00fan el grado de formaci\u00f3n y estudios que se tenga. Una gran parte de esta secci\u00f3n ser\u00e1 dedicada a nuevas <\/span><b>propuestas de entidades del tercer sector<\/b><span style=\"font-weight: 400;\">.\u00a0<\/span><\/p>\n<p><a href=\"https:\/\/www.salocupacio.com\/preparat\/\" target=\"_blank\" rel=\"noopener\"><strong>3. Prep\u00e1rate<\/strong><\/a><\/p>\n<p><span style=\"font-weight: 400;\">Con una orientaci\u00f3n <strong>m\u00e1s pr\u00e1ctica y de taller<\/strong>, aqu\u00ed se ense\u00f1ar\u00e1n las<\/span> diferentes t\u00e9cnicas<span style=\"font-weight: 400;\">, estrategias y herramientas que existen hoy en d\u00eda para mejorar el proceso de b\u00fasqueda de trabajo y ampliar la red de contactos. Actividades que van desde conferencias, talleres din\u00e1micos de grupo, asesoramiento de <\/span><strong><i>CV<\/i><\/strong><span style=\"font-weight: 400;\"> y v\u00eddeo <\/span><span style=\"font-weight: 400;\">Curr\u00edculum<\/span><span style=\"font-weight: 400;\">.\u00a0<\/span><\/p>\n<p><a href=\"https:\/\/www.salocupacio.com\/talentxbcn\/\" target=\"_blank\" rel=\"noopener\"><strong>4. Talento<\/strong><\/a><\/p>\n<p><span style=\"font-weight: 400;\">Aqu\u00ed descubrir\u00e1s qu\u00e9 <\/span><b>talento necesitan y necesitar\u00e1n las empresas<\/b><span style=\"font-weight: 400;\">, y cu\u00e1les son los sectores con mayor potencial para captar talento. Adem\u00e1s se explorar\u00e1n valores esenciales para el mundo del trabajo como la diversidad, la inclusi\u00f3n y el esp\u00edritu de trabajo en equipo. <\/span><\/p>\n<p><a href=\"https:\/\/www.salocupacio.com\/emprendre\/\" target=\"_blank\" rel=\"noopener\"><strong>5. Emprende<\/strong><\/a><\/p>\n<p><span style=\"font-weight: 400;\">Ser\u00e1n <\/span><b>conferencias<\/b><span style=\"font-weight: 400;\"> con el <strong>prop\u00f3sito de inspirar<\/strong> a sus oyentes y ampliar sus perspectivas a la hora de <\/span>comenzar sus proyectos emprendedores.<\/p>\n<div style=\"box-sizing: border-box; padding: 40px 60px 40px 60px; background-color: #f0ecfc; border-radius: 8px;\">\n<p><strong>\ud83d\udce2 \u00a1Recuerda!<\/strong><\/p>\n<ul>\n<li><span style=\"font-weight: 400;\">Aunque los eventos <\/span>confluir\u00e1n en el mismo espacio<span style=\"font-weight: 400;\"> dentro de la Fira de Barcelona de Montjuic <\/span><b>cada uno<\/b><span style=\"font-weight: 400;\"> se centrar\u00e1 en <strong>s<\/strong><\/span><b>atisfacer las necesidades de su p\u00fablico objetivo.\u00a0<\/b><\/li>\n<\/ul>\n<\/div>\n<p>&nbsp;<\/p>\n<h2><strong>BizBarcelona y el Sal\u00f3 de L\u2019Ocupaci\u00f3: Eventos fundamentales para el desarrollo econ\u00f3mico de Barcelona<\/strong><\/h2>\n<p><span style=\"font-weight: 400;\">En <\/span><b>2021 los eventos se celebraron de manera conjunta<\/b><span style=\"font-weight: 400;\"> y dieron lugar a una <strong>necesaria y urgente reactivaci\u00f3n<\/strong> del talento y de los negocios en la ciudad condal despu\u00e9s de la crisis del COVID-19. <\/span><span style=\"font-weight: 400;\">Estos eventos son de gran importancia para la ciudad condal ya que act\u00faan como punto de reencuentro anual entre el <\/span>conocimiento y el talento<span style=\"font-weight: 400;\">.\u00a0<\/span><\/p>\n<h3>Su importancia se reagrupa en dos puntos:<\/h3>\n<h4>\u25cf Talento y exposici\u00f3n:<\/h4>\n<p><span style=\"font-weight: 400;\">Tanto el BizBarcelona como el Sal\u00f3 de l\u2019Ocupaci\u00f3 buscan poner en <\/span><b>el centro de sus propuestas a las personas<\/b><span style=\"font-weight: 400;\">. Buscan aconsejar, ayudar y solucionar las necesidades existentes de sus asistentes para que m\u00e1s adelante las empresas puedan desarrollarse y crecer mientras que las personas puedan emprender, enfocar sus carreras profesionales y mejorar su futuro laboral.\u00a0<\/span><\/p>\n<p><span style=\"font-weight: 400;\">Tambi\u00e9n ofrecen una <strong>oportunidad \u00fanica<\/strong> para que las empresas y startups puedan darse a conocer al mundo y hacer hincapi\u00e9 en un concepto que cada vez se escucha m\u00e1s, <\/span><b>la digitalizaci\u00f3n.<\/b><\/p>\n<h4>\u25cf Digitalizaci\u00f3n:<\/h4>\n<p><span style=\"font-weight: 400;\">La digitalizaci\u00f3n o la transformaci\u00f3n digital seg\u00fan <\/span><a href=\"https:\/\/www.gartner.com\/en\/information-technology\/glossary\/digitalization\" target=\"_blank\" rel=\"noopener\"><span style=\"font-weight: 400;\">Gartner<\/span><\/a><span style=\"font-weight: 400;\"> es: \u201cEl uso de tecnolog\u00edas digitales para cambiar un modelo de negocio y proporcionar nuevos ingresos y oportunidades para crear m\u00e1s valor\u00bb. <\/span><span style=\"font-weight: 400;\">En un <\/span><b>entorno cada vez m\u00e1s competitivo<\/b><span style=\"font-weight: 400;\">, incierto e inestable es indispensable que las <\/span><b>empresas implementen tecnolog\u00edas digitales<\/b><span style=\"font-weight: 400;\"> para aumentar su productividad, su eficiencia y mejorar sus m\u00e1rgenes de beneficio para que puedan <\/span><b>mantenerse competitivas.<\/b><span style=\"font-weight: 400;\">\u00a0<\/span><\/p>\n<p><span style=\"font-weight: 400;\">Hoy en d\u00eda las <\/span><b>startups juegan un rol importante<\/b><span style=\"font-weight: 400;\"> en el <\/span><b>crecimiento econ\u00f3mico de las ciudades<\/b><span style=\"font-weight: 400;\">. Son <\/span>puntos<span style=\"font-weight: 400;\"> c\u00e9ntricos y estrat\u00e9gicos de la <\/span>innovaci\u00f3n <span style=\"font-weight: 400;\">donde se crean nuevas oportunidades de puestos de trabajo. Esto equivale a una mayor empleabilidad que a su vez se traduce en una <strong>mejora en la econom\u00eda<\/strong> y en un impacto en las ciudades e<\/span><span style=\"font-weight: 400;\">n las que deciden establecerse a nivel <strong>cultural<\/strong>, <strong>econ\u00f3mico<\/strong> y <strong>tecnol\u00f3gico<\/strong>.\u00a0<\/span><\/p>\n<p><span style=\"font-weight: 400;\">Al propiciar estos eventos y dar las herramientas necesarias para que las empresas reciban la digitalizaci\u00f3n con los brazos abiertos, <\/span><b>Barcelona <\/b>se posiciona como<b> una ciudad donde se gesta y se incuba el talento <\/b>en el mundo de los negocios<span style=\"font-weight: 400;\"> adem\u00e1s de actuar como l\u00edder que busca conducir <strong>el cambio mediante la digitalizaci\u00f3n<\/strong> y lograr ser una potencia econ\u00f3mica.<\/span><\/p>\n<p>&nbsp;<\/p>\n<h2>Berrly en el BizBarcelona 2022<\/h2>\n<p><b>En Berrly <\/b><span style=\"font-weight: 400;\">tambi\u00e9n nos gusta la idea de <\/span><b>situar a las personas en el centro<\/b><span style=\"font-weight: 400;\"> ya que creemos que es gracias a ellas que las organizaciones se articulan y se desarrollan.\u00a0<\/span><span style=\"font-weight: 400;\">Los valores que forman y consolidan Berrly se alinean a la perfecci\u00f3n con los valores del evento. <strong>El BizBarcelona 2022<\/strong> se nos presenta como <\/span><b>una oportunidad id\u00edlica <\/b><strong>de crecer como Startup<\/strong><span style=\"font-weight: 400;\"> y de catapultarnos hacia nuevos y excitantes horizontes con el objetivo de que <strong>el mundo nos escuche<\/strong>.\u00a0<\/span><\/p>\n<p>Podr\u00e9is<b> encontrar a Berrly en la zona de expositores del BizBarcelona 2022<\/b><span style=\"font-weight: 400;\"> como una de las startups l\u00edderes y pioneras en la digitalizaci\u00f3n de organizaciones y clubes deportivos.\u00a0<\/span><span style=\"font-weight: 400;\">\u00a1Tanto es as\u00ed qu\u00e9 <\/span><b>Berrly formar\u00e1 parte<\/b><span style=\"font-weight: 400;\"> de los participantes de la <\/span><b><i>Pitch Competition<\/i><\/b><b> del BizBarcelona &amp; AticcoLab<\/b><span style=\"font-weight: 400;\">!<\/span><\/p>\n<p>&nbsp;<\/p>\n<h2><strong>Berrly en la <em>Pitch Competition<\/em> de AticcoLab &amp; BizBarcelona<\/strong><\/h2>\n<p><a href=\"https:\/\/aticco.com\/pitch-competition-biz-barcelona\/\" target=\"_blank\" rel=\"noopener\"><img loading=\"lazy\" decoding=\"async\" class=\"wp-image-9226 size-medium alignleft\" src=\"https:\/\/www.berrly.com\/wp-content\/uploads\/2022\/10\/pitchberrly-300x141.jpg\" alt=\"Berrly en el Pitch Competition de AtticoLab y Bizbarcelona\" width=\"300\" height=\"141\" srcset=\"https:\/\/www.berrly.com\/wp-content\/uploads\/2022\/10\/pitchberrly-300x141.jpg 300w, https:\/\/www.berrly.com\/wp-content\/uploads\/2022\/10\/pitchberrly-1024x481.jpg 1024w, https:\/\/www.berrly.com\/wp-content\/uploads\/2022\/10\/pitchberrly-768x361.jpg 768w, https:\/\/www.berrly.com\/wp-content\/uploads\/2022\/10\/pitchberrly.jpg 1200w\" sizes=\"(max-width: 300px) 100vw, 300px\" \/><\/a><\/p>\n<p>El 9 de noviembre, <a href=\"https:\/\/aticcolab.com\/\" target=\"_blank\" rel=\"noopener\"><strong>AticcoLab<\/strong><\/a>, una plataforma de innovaci\u00f3n global impulsora de startups dar\u00e1 pie junto al BizBarcelona a un <a href=\"https:\/\/aticco.com\/pitch-competition-biz-barcelona\/\" target=\"_blank\" rel=\"noopener\"><strong><em>Pitch<\/em><\/strong> <strong>Competition<\/strong><\/a>\u00a0 sobre <strong>soluciones para la digitalizaci\u00f3n de empresas y negocios<\/strong>. El objetivo es dar visibilidad y ofrecer recursos a las startups que aporten soluciones para la digitalizaci\u00f3n de entidades.<\/p>\n<h2>\u00bfQu\u00e9 es un\u00a0<em>Pitch Competition?<\/em><\/h2>\n<p><span style=\"font-weight: 400;\">Un <\/span><i><span style=\"font-weight: 400;\">Pitch Competition<\/span><\/i><span style=\"font-weight: 400;\"> es un concurso en el que<strong> los participantes presentan su concepto o modelo de negocio<\/strong> a un jurado con el objetivo de <strong>ganar un premio en efectivo o una ronda de financiaci\u00f3n<\/strong>. <\/span><span style=\"font-weight: 400;\">Los <\/span><i>Pitch Competition<\/i><span style=\"font-weight: 400;\"> brindan grandes oportunidades a las startups. Les permite expandir su c\u00edrculo social con los participantes, conectar con futuros inversores y descubrir nuevos recursos que les permitir\u00e1 crecer y desarrollarse.<\/span><\/p>\n<div style=\"box-sizing: border-box; padding: 40px 60px 40px 60px; background-color: #f0ecfc; border-radius: 8px;\">\n<h3><strong>En este caso, la startup vencedora de la Pitch Competition de Aticcolab &amp; BizBarcelona recibir\u00e1 un paquete de ayudas valorado en m\u00e1s de 3000\u20ac que incluye:<\/strong><\/h3>\n<ul>\n<li style=\"font-weight: 400;\" aria-level=\"1\"><span style=\"font-weight: 400;\">Entrevista difundida en todos los canales de AticcoLab y BizBarcelona.<\/span><\/li>\n<li style=\"font-weight: 400;\" aria-level=\"1\"><span style=\"font-weight: 400;\">Fast track al programa de aceleraci\u00f3n de AticcoLab.<\/span><\/li>\n<li style=\"font-weight: 400;\" aria-level=\"1\"><span style=\"font-weight: 400;\">Entrevista y menci\u00f3n en medios nacionales.<\/span><\/li>\n<li style=\"font-weight: 400;\" aria-level=\"1\"><span style=\"font-weight: 400;\">Booth para startups en la pr\u00f3xima edici\u00f3n.<\/span><\/li>\n<\/ul>\n<h3><strong>Las startups que se clasifiquen como finalistas tambi\u00e9n obtendr\u00e1n una multitud de beneficios:<\/strong><\/h3>\n<ul>\n<li style=\"font-weight: 400;\" aria-level=\"1\"><span style=\"font-weight: 400;\">Visibilidad en los canales de BizBarcelona y AticcoLab.<\/span><\/li>\n<li style=\"font-weight: 400;\" aria-level=\"1\"><span style=\"font-weight: 400;\">3 meses gratis en Aticco Workspaces.<\/span><\/li>\n<li style=\"font-weight: 400;\" aria-level=\"1\"><span style=\"font-weight: 400;\">Poder presentar en la zona Startups del Biz.<\/span><\/li>\n<li style=\"font-weight: 400;\" aria-level=\"1\"><span style=\"font-weight: 400;\">Descuento para tener un Booth en la zona AticcoLab.<\/span><\/li>\n<\/ul>\n<\/div>\n<p>&nbsp;<\/p>\n<p><span style=\"font-weight: 400;\">Desde <strong>Berrly<\/strong>, startup <strong>fuertemente involucrada en <\/strong><\/span><span style=\"font-weight: 400;\"><strong>el mundo de la digitalizaci\u00f3n de las organizaciones<\/strong> y en <strong>fortalecer las relaciones con sus socios<\/strong> mediante nuestras herramientas digitales, no podr\u00edamos estar m\u00e1s entusiasmados por asistir al BizBarcelona 2022 en la Feria d<\/span><span style=\"font-weight: 400;\">e Barcelona en Montjuic y por participar en la Pitch Competition de AticcoLab el pr\u00f3ximo 9 de noviembre.<\/span><\/p>\n<p><strong>\u00a1Esperamos veros pronto y deseamos suerte a todos los participantes!<\/strong><\/p>\n<p>\u00bf\u00a1Quieres probar Berrly!? \u00a1No te lo pienses m\u00e1s! Ahora puedes probar Berrly <a href=\"https:\/\/app.berrly.com\/signup?lang=es&amp;license=ADVANCED\" target=\"_blank\" rel=\"noopener\">de manera gratuita durante dos semanas<\/a> o incluso mejor, hacer <a href=\"https:\/\/tidycal.com\/lauranadal\/berrly-reunion-de-30-minutos\" target=\"_blank\" rel=\"noopener\">una reuni\u00f3n con nosotros<\/a>. \u00a1Si quer\u00e9is alguna cosa, no dud\u00e9is en <a href=\"https:\/\/www.berrly.com\/es\/contacto\/\" target=\"_blank\" rel=\"noopener\">contactarnos<\/a>!<\/p>\n","protected":false},"excerpt":{"rendered":"<p>El BizBarcelona y el Sal\u00f3 de l&#8217;Ocupaci\u00f3 en la Fira de Barcelona en 2022 El pr\u00f3ximo 9 y 10\u00a0 de noviembre de 2022, Barcelona acoger\u00e1 por tercera vez uno de los eventos m\u00e1s importantes para emprendedores y startups, conocido como el BizBarcelona junto al Sal\u00f3 de l\u2019Ocupaci\u00f3 organizado por la Fira de Barcelona. El acontecimiento [&hellip;]<\/p>\n","protected":false},"author":5,"featured_media":9204,"comment_status":"closed","ping_status":"open","sticky":false,"template":"","format":"standard","meta":{"_acf_changed":false,"footnotes":""},"categories":[49],"tags":[53,113,83,114],"class_list":["post-9240","post","type-post","status-publish","format-standard","has-post-thumbnail","hentry","category-blog-2","tag-berrly-2","tag-bizbarcelona-2022-2","tag-eventos","tag-fira-de-barcelona-2022-2"],"acf":[],"_links":{"self":[{"href":"https:\/\/www.berrly.com\/es\/wp-json\/wp\/v2\/posts\/9240","targetHints":{"allow":["GET"]}}],"collection":[{"href":"https:\/\/www.berrly.com\/es\/wp-json\/wp\/v2\/posts"}],"about":[{"href":"https:\/\/www.berrly.com\/es\/wp-json\/wp\/v2\/types\/post"}],"author":[{"embeddable":true,"href":"https:\/\/www.berrly.com\/es\/wp-json\/wp\/v2\/users\/5"}],"replies":[{"embeddable":true,"href":"https:\/\/www.berrly.com\/es\/wp-json\/wp\/v2\/comments?post=9240"}],"version-history":[{"count":0,"href":"https:\/\/www.berrly.com\/es\/wp-json\/wp\/v2\/posts\/9240\/revisions"}],"wp:featuredmedia":[{"embeddable":true,"href":"https:\/\/www.berrly.com\/es\/wp-json\/wp\/v2\/media\/9204"}],"wp:attachment":[{"href":"https:\/\/www.berrly.com\/es\/wp-json\/wp\/v2\/media?parent=9240"}],"wp:term":[{"taxonomy":"category","embeddable":true,"href":"https:\/\/www.berrly.com\/es\/wp-json\/wp\/v2\/categories?post=9240"},{"taxonomy":"post_tag","embeddable":true,"href":"https:\/\/www.berrly.com\/es\/wp-json\/wp\/v2\/tags?post=9240"}],"curies":[{"name":"wp","href":"https:\/\/api.w.org\/{rel}","templated":true}]}}