{"id":9650,"date":"2022-11-25T12:31:52","date_gmt":"2022-11-25T11:31:52","guid":{"rendered":"https:\/\/www.berrly.com\/?p=9650"},"modified":"2024-01-08T09:16:38","modified_gmt":"2024-01-08T08:16:38","slug":"berrly-en-aticcolab-y-bizbarcelona-2022","status":"publish","type":"post","link":"https:\/\/www.berrly.com\/es\/2022\/11\/berrly-en-aticcolab-y-bizbarcelona-2022\/","title":{"rendered":"\u00a1Berrly startup ganadora de la Pitch Competition de AticcoLab y BizBarcelona de 2022!"},"content":{"rendered":"<h1 style=\"text-align: left;\">Berrly en la Pitch Competition de AticcoLab y el BizBarcelona<\/h1>\n<p>&nbsp;<\/p>\n<p><img fetchpriority=\"high\" decoding=\"async\" class=\"wp-image-9635 size-medium alignright\" src=\"https:\/\/www.berrly.com\/wp-content\/uploads\/2022\/11\/Berrly-trofeo-300x269.png\" alt=\"Berrly ganadora del Pitch Competition de AticcoLab y BizBarcelona\" width=\"300\" height=\"269\" srcset=\"https:\/\/www.berrly.com\/wp-content\/uploads\/2022\/11\/Berrly-trofeo-300x269.png 300w, https:\/\/www.berrly.com\/wp-content\/uploads\/2022\/11\/Berrly-trofeo.png 667w\" sizes=\"(max-width: 300px) 100vw, 300px\" \/><\/p>\n<p><span style=\"font-weight: 400;\">Los d\u00edas 8 y 9 de noviembre <a href=\"https:\/\/www.berrly.com\/\" target=\"_blank\" rel=\"noopener\"><strong>Berrly<\/strong> <\/a>tuvo la suerte de exprimir al m\u00e1ximo uno de los eventos m\u00e1s importantes de startups en la ciudad condal, el <a href=\"https:\/\/www.bizbarcelona.com\/\" target=\"_blank\" rel=\"noopener\"><strong>BizBarcelona<\/strong><\/a> que se celebr\u00f3 junto al <a href=\"https:\/\/www.salocupacio.com\/\" target=\"_blank\" rel=\"noopener\"><strong>Sal\u00f3 de l\u2019Ocupaci\u00f3<\/strong><\/a> en el recinto de la<strong><a href=\"https:\/\/www.firabarcelona.com\/es\/\" target=\"_blank\" rel=\"noopener\"> Fira de Barcelona<\/a> de Montjuic<\/strong>.<\/span><\/p>\n<p><span style=\"font-weight: 400;\">Fue un evento <strong>din\u00e1mico<\/strong>,<strong> innovador<\/strong> y <strong>lleno de oportunidades<\/strong> tanto para el ecosistema emprendedor como para el mundo laboral. \u00a1Pod\u00e9is echar un vistazo a <a href=\"https:\/\/www.berrly.com\/es\/2022\/10\/berrly-en-el-proximo-bizbarcelona-y-salo-de-locupacio-de-2022-en-la-fira-de-barcelona\/\" target=\"_blank\" rel=\"noopener\"><strong>nuestro blog anterior<\/strong><\/a> donde recopilamos toda la informaci\u00f3n relevante sobre estos eventos conjuntos!\u00a0<\/span><\/p>\n<p>&nbsp;<\/p>\n<h2>la Pitch Competition de AticcoLab y el BizBarcelona de 2022<\/h2>\n<p><span style=\"font-weight: 400;\">Este a\u00f1o, la final de la Pitch Competition de AticcoLab fue celebrada en la<strong> Sala Innova<\/strong> dentro del BizBarcelona. Su tem\u00e1tica se centraba en startups que <strong>ayudan y aportan<\/strong> <strong>soluciones para la digitalizaci\u00f3n y eficiencia de empresas y negocios<\/strong>.\u00a0<\/span><\/p>\n<p><span style=\"font-weight: 400;\">La final cont\u00f3 con <strong>8 startups finalistas<\/strong> entre ellas Berrly, cada una <strong>abordando el problema de la digitalizaci\u00f3n<\/strong> desde <strong>distintas perspectivas<\/strong> y aportando soluciones creativas e innovadoras para las em<\/span><span style=\"font-weight: 400;\">presas y negocios.<\/span><\/p>\n<p><span style=\"font-weight: 400;\">Fue una <strong>competici\u00f3n re\u00f1ida hasta el final y el jurado<\/strong>, que contaba con una variedad de expertos de distintos \u00e1mbitos no lo tuvo f\u00e1cil a la hora de decidir un vencedor.\u00a0<\/span><\/p>\n<p>&nbsp;<\/p>\n<div style=\"box-sizing: border-box; padding: 30px 50px 30px 50px; background-color: #f0ecfc; border-radius: 20px;\">\n<h3><strong>El jurado de la Pitch Competition de AticcoLab estaba compuesto por:<\/strong><\/h3>\n<p>&nbsp;<\/p>\n<ul>\n<li style=\"font-weight: 400;\" aria-level=\"1\"><a href=\"https:\/\/www.linkedin.com\/in\/quinofernandez\/\" target=\"_blank\" rel=\"noopener\"><span style=\"font-weight: 400;\">Quino Fern\u00e1ndez<\/span><\/a><span style=\"font-weight: 400;\">, CEO de AticcoLab.<\/span><\/li>\n<li style=\"font-weight: 400;\" aria-level=\"1\"><a href=\"https:\/\/www.linkedin.com\/in\/adrian-gallardo-startups\/\" target=\"_blank\" rel=\"noopener\"><span style=\"font-weight: 400;\">Adri\u00e1n Gallardo<\/span><\/a><span style=\"font-weight: 400;\">, Program &amp; Operations Manager AticcoLab.<\/span><\/li>\n<li style=\"font-weight: 400;\" aria-level=\"1\"><a href=\"https:\/\/www.linkedin.com\/in\/tsonyo-yankov-velikov\/\" target=\"_blank\" rel=\"noopener\"><span style=\"font-weight: 400;\">Tsonyo Yankov<\/span><\/a><span style=\"font-weight: 400;\">, Financial Consultant UpBizor.<\/span><\/li>\n<li style=\"font-weight: 400;\" aria-level=\"1\"><span style=\"font-weight: 400;\">\u00a0<\/span><a href=\"https:\/\/www.linkedin.com\/in\/joaquin-bencomo-63b98b5\/\" target=\"_blank\" rel=\"noopener\"><span style=\"font-weight: 400;\">Joaqu\u00edn Bencomo<\/span><\/a><span style=\"font-weight: 400;\">, Inversor.<\/span><\/li>\n<li style=\"font-weight: 400;\" aria-level=\"1\"><span style=\"font-weight: 400;\">\u00a0<\/span><a href=\"https:\/\/www.linkedin.com\/in\/laura-pararols-valldaura-67811949\/\" target=\"_blank\" rel=\"noopener\"><span style=\"font-weight: 400;\">Laura Pararols<\/span><\/a><span style=\"font-weight: 400;\">, Directora del Sal\u00f3 de l\u2019Ensenyament, Futura y Ocupaci\u00f3 BizBarcelona.<\/span><\/li>\n<li style=\"font-weight: 400;\" aria-level=\"1\"><a href=\"https:\/\/www.linkedin.com\/in\/xavier-simo\/\" target=\"_blank\" rel=\"noopener\"><span style=\"font-weight: 400;\">Xavier Sim\u00f3<\/span><\/a><span style=\"font-weight: 400;\">, Presidente de la Comissi\u00f3 de Emprenedoria 22@Network.<\/span><\/li>\n<li style=\"font-weight: 400;\" aria-level=\"1\"><a href=\"https:\/\/www.linkedin.com\/in\/taryn-andersen\/\" target=\"_blank\" rel=\"noopener\"><span style=\"font-weight: 400;\">Taryn Andersen<\/span><\/a><span style=\"font-weight: 400;\">, CEO &amp; Cofounder Impulse4Women .<\/span><\/li>\n<li style=\"font-weight: 400;\" aria-level=\"1\"><span style=\"font-weight: 400;\">\u00a0<\/span><a href=\"https:\/\/www.linkedin.com\/in\/vcarceller\/\" target=\"_blank\" rel=\"noopener\"><span style=\"font-weight: 400;\">Vanessa Carceller<\/span><\/a><span style=\"font-weight: 400;\">, Advisor e Inversora.<\/span><\/li>\n<\/ul>\n<\/div>\n<p>&nbsp;<\/p>\n<p><span style=\"font-weight: 400;\">Una vez acabadas todas las presentaciones, el jurado di\u00f3 paso a la elecci\u00f3n de la startup vencedora en una reuni\u00f3n de <strong>5 minutos a puerta cerrada<\/strong>. \u00a15 minutos que se hicieron eternos debido a la gran expectaci\u00f3n que hab\u00eda en el aire y que el jurado culmin\u00f3 nombrando a Berrly ganadora de la Pitch Competition!<\/span><\/p>\n<p><span style=\"font-weight: 400;\">\u00a1Queremos agradecer una vez m\u00e1s a AticcoLab y BizBarcelona por hacer posible este evento y <strong>felicitar al resto de startups<\/strong> por su participaci\u00f3n y por sus formidables presentaciones!<\/span><\/p>\n<p>&nbsp;<\/p>\n<h2>Las startups finalistas de la Pitch Competition de AticcoLab i Bizbarcelona de 2022<\/h2>\n<p>&nbsp;<\/p>\n<p><a href=\"https:\/\/talentup.io\/\" target=\"_blank\" rel=\"noopener\"><b>Chartok<\/b><\/a><span style=\"font-weight: 400;\">: Es un Software de colaboraci\u00f3n y gesti\u00f3n de operaciones internas para hoteles que permite automatizar la gesti\u00f3n de las instalaciones, as\u00ed como seguir y ejecutar listas de tareas, procedimientos diarios, mantenimiento preventivo, y mucho m\u00e1s. Fue presentado por <\/span><a href=\"https:\/\/www.linkedin.com\/in\/joansanz\/\" target=\"_blank\" rel=\"noopener\"><span style=\"font-weight: 400;\">Joan Sanz<\/span><\/a><span style=\"font-weight: 400;\">.<\/span><span style=\"font-weight: 400;\"><br \/>\n<\/span><\/p>\n<p><a href=\"https:\/\/www.kittlead.com\/\" target=\"_blank\" rel=\"noopener\"><b>KittLead<\/b><\/a><b>:<\/b><span style=\"font-weight: 400;\"> Una plataforma de marketing digital para crear p\u00e1ginas web optimizadas que ayudan a las empresas a atraer, convertir y retener usuarios. Fue presentado por <\/span><a href=\"https:\/\/www.linkedin.com\/in\/marcindurain\/\" target=\"_blank\" rel=\"noopener\"><span style=\"font-weight: 400;\">Marc Indurain<\/span><\/a><span style=\"font-weight: 400;\">.<\/span><\/p>\n<p><a href=\"https:\/\/opground.com\/\" target=\"_blank\" rel=\"noopener\"><b>Opground<\/b><\/a><b>:<\/b><span style=\"font-weight: 400;\"> Una plataforma de crecimiento profesional para profesionales de la tecnolog\u00eda que ofrece un chatbot con funciones para optimizar el proceso de entrevistas de trabajo. Fue presentado por <\/span><a href=\"https:\/\/www.linkedin.com\/in\/eduardteixidoviladrich\/\" target=\"_blank\" rel=\"noopener\"><span style=\"font-weight: 400;\">Eduard Teixid\u00f3<\/span><\/a><span style=\"font-weight: 400;\">.<\/span><\/p>\n<p><a href=\"https:\/\/talentup.io\/\" target=\"_blank\" rel=\"noopener\"><b>Talentup<\/b><\/a><b>:<\/b><span style=\"font-weight: 400;\"> Es una tecnolog\u00eda que proporciona informaci\u00f3n basada en datos sobre el mercado del talento profesional para ayudar a las empresas a implementar estrategias eficaces de contrataci\u00f3n y retenci\u00f3n. Fue presentado por <\/span><a href=\"https:\/\/www.linkedin.com\/in\/albertmercad%C3%A9laborda\/\" target=\"_blank\" rel=\"noopener\"><span style=\"font-weight: 400;\">Albert Mercad\u00e9 Laborda<\/span><\/a><span style=\"font-weight: 400;\">.\u00a0<\/span><\/p>\n<p><a href=\"https:\/\/www.thegoodgoalapp.com\/\" target=\"_blank\" rel=\"noopener\"><b>The Good Goal:<\/b><\/a><span style=\"font-weight: 400;\"> Una tecnolog\u00eda que utiliza herramientas para medir y promover el compromiso de individuos, empresas y organizaciones para mejorar el desempe\u00f1o ambiental a trav\u00e9s de la transformaci\u00f3n cultural. Fue presentado por <\/span><a href=\"https:\/\/www.linkedin.com\/in\/nadia-de-la-fuente\/\" target=\"_blank\" rel=\"noopener\"><span style=\"font-weight: 400;\">Nadia de la Fuente<\/span><\/a><span style=\"font-weight: 400;\">.<\/span><\/p>\n<p><a href=\"https:\/\/en.tribboo.co\/\" target=\"_blank\" rel=\"noopener\"><b>Tribboo<\/b><\/a><b>:<\/b><span style=\"font-weight: 400;\"> Software intuitivo para pymes del sector de la construcci\u00f3n que transforma la gesti\u00f3n de la empresa y optimiza el tiempo dedicado a la elaboraci\u00f3n de presupuestos, la planificaci\u00f3n y la facturaci\u00f3n. Fue presentado por <\/span><a href=\"https:\/\/www.linkedin.com\/in\/david-uch-83383784\/\" target=\"_blank\" rel=\"noopener\"><span style=\"font-weight: 400;\">David<\/span><\/a><span style=\"font-weight: 400;\">.<\/span><span style=\"font-weight: 400;\"><br \/>\n<\/span><\/p>\n<p><a href=\"https:\/\/yoy.tech\/\" target=\"_blank\" rel=\"noopener\"><b>Yoy Tech:<\/b><\/a><span style=\"font-weight: 400;\"> Soluciones de tecnolog\u00eda VR y AR para diversas categor\u00edas como la educaci\u00f3n, las plataformas industriales y las experiencias de marketing dirigidas a cumplir objetivos. Fue presentado por <\/span><a href=\"https:\/\/www.linkedin.com\/in\/olga-rovira-montan%C3%A9-10977a1ab\/\" target=\"_blank\" rel=\"noopener\"><span style=\"font-weight: 400;\">Olga Rovira Montan\u00e9<\/span><\/a><span style=\"font-weight: 400;\">.<\/span><\/p>\n<p>&nbsp;<\/p>\n<h2>Dos d\u00edas repletos de acci\u00f3n y emoci\u00f3n!<\/h2>\n<p><span style=\"font-weight: 400;\">Los dos d\u00edas contaron con un<strong> innumerable n\u00famero de actividades<\/strong>,<strong> conferencias<\/strong> y <strong>talleres<\/strong> que abarcaron las m\u00faltiples necesidades del <strong>p\u00fablico objetivo de los dos eventos<\/strong>. La asistencia a estos eventos como expositores proporcionan una serie de beneficios y en Berrly los aprovechamos al m\u00e1ximo.\u00a0<\/span><\/p>\n<p>&nbsp;<\/p>\n<div style=\"box-sizing: border-box; padding: 30px 50px 30px 50px; background-color: #f0ecfc; border-radius: 20px;\">\n<h3><strong>Gracias al BizBarcelona y Aticco pudimos:<\/strong><\/h3>\n<ul>\n<li style=\"font-weight: 400;\" aria-level=\"1\"><span style=\"font-weight: 400;\">Darnos a conocer al mundo.<\/span><\/li>\n<li style=\"font-weight: 400;\" aria-level=\"1\"><span style=\"font-weight: 400;\">Ver las nuevas tendencias en el mundo de las startups.<\/span><\/li>\n<li style=\"font-weight: 400;\" aria-level=\"1\"><span style=\"font-weight: 400;\">Realizar networking y entablar nuevas relaciones profesionales.<\/span><\/li>\n<li style=\"font-weight: 400;\" aria-level=\"1\"><span style=\"font-weight: 400;\">\u00a1Inspirarnos!<\/span><\/li>\n<\/ul>\n<h3>Adem\u00e1s el premio de la startup ganadora inclu\u00eda un paquete de ayudas valorado en m\u00e1s de 3000 euros.<\/h3>\n<ul>\n<li>Acceso al <em>fast track\u00a0<\/em>del programa de aceleraci\u00f3n de AticcoLab.<\/li>\n<li>3 meses de membres\u00eda en Aticco Workspaces.<\/li>\n<li>Un\u00a0<em>booth<\/em> para startups en la pr\u00f3xima edici\u00f3n.<\/li>\n<\/ul>\n<\/div>\n<p>&nbsp;<\/p>\n<p>\u00a1As\u00ed qu\u00e9 aprovecharemos al m\u00e1ximo esta oportunidad y el a\u00f1o qu\u00e9 viene estaremos una vez m\u00e1s presentes<strong> liderando la digitalizaci\u00f3n de las organizaciones<\/strong>! <strong>Tambi\u00e9n os dejamos <a href=\"https:\/\/aticcolab.com\/tag\/pitch-competition\/\" target=\"_blank\" rel=\"noopener\">dos partes<\/a><\/strong> <strong>de una entrevista<\/strong> que hizo Aticco a <a href=\"https:\/\/www.linkedin.com\/in\/ericsala\/\" target=\"_blank\" rel=\"noopener\">Eric Sala i Marin<\/a>, <strong>fundador y CEO<\/strong> de <strong>Berrly<\/strong> que habla de donde venimos y sobre la importancia de participar en eventos y Pitches Competition.<\/p>\n<p>&nbsp;<\/p>\n<h3>\u00bfDe donde venimos?<\/h3>\n<blockquote class=\"wp-block-quote\"><p><em>Berrly es una empresa que naci\u00f3 de una necesidad personal de organizar el conjunto de socios que ten\u00edamos en una organizaci\u00f3n, mov\u00edamos mucha gente y no encontr\u00e1bamos herramientas para administrar estos socios y organizarlos de forma adecuada. As\u00ed que primero lo aplicamos para nosotros, y despu\u00e9s entendimos que realmente cualquier tipo de organizaci\u00f3n con socios como son asociaciones sin \u00e1nimo de lucro, fundaciones, academias, clubes deportivos, sindicatos, y partidos pol\u00edticos, tienen necesi<\/em><em>dades similares y aqu\u00ed es donde hemos empezado a expandirnos y dar servicio a todo este tipo de clientes.<\/em><\/p><\/blockquote>\n<h3>\u00bfC\u00faal es la importancia de participar en estos eventos?<\/h3>\n<blockquote class=\"wp-block-quote\"><p><em>Decidimos participar en esta Pitch Competition por la experiencia, por la repercusi\u00f3n que pueda tener que eso siempre ayuda. Es dif\u00edcil, en esta marea de empresas intentando hacer ruido, siempre destacar, y la verdad es que con la ayuda de Aticco, el BizBarcelona y de esta competici\u00f3n siempre es una oportunidad para llegar a m\u00e1s orejas.<\/em><\/p>\n<p><cite><a href=\"https:\/\/www.linkedin.com\/in\/ericsala\/\" target=\"_blank\" rel=\"noopener\">Eric Sala<\/a>, CEO de Berrly<\/cite><\/p><\/blockquote>\n<p>&nbsp;<\/p>\n<h2>\u00bfQu\u00e9 es Berrly?<\/h2>\n<p>Es un<strong> software de gesti\u00f3n en la nube para organizaciones<\/strong>. Ayuda a la <strong>digitalizaci\u00f3n de las organizaciones<\/strong> en las tareas administrativas del d\u00eda a d\u00eda y tambi\u00e9n ofrece herramientas para <strong>fortalecer y mejorar<\/strong> el enlace que existe entre las organizaciones y <strong>sus socios o base de aficionados<\/strong> manteniendo un canal activo abierto que favorece el <strong>tejido asociativo<\/strong>.<\/p>\n<p>Centramos nuestros esfuerzos en proporcionar un software de gesti\u00f3n que<strong> cubra las necesidades de las organizaciones<\/strong>. Siempre con una orientaci\u00f3n <em>people centric<\/em> hacia los socios de la organizaci\u00f3n que permite aumentar su compromiso y su interacci\u00f3n, ayudamos a las organizaciones a dar el paso a la digitalizaci\u00f3n, un<strong> paso que supone un reto para muchos<\/strong>.<\/p>\n<p>Por eso nos gusta acompa\u00f1ar de la mano a todas nuestras organizaciones y proporcionamos todas las herramientas indispensables para que la digitalizaci\u00f3n sea f\u00e1cil e intuitiva.<\/p>\n<p>Recordad que pod\u00e9is probar <a href=\"https:\/\/app.berrly.com\/signup?lang=es&amp;license=ADVANCED\" target=\"_blank\" rel=\"noopener\"><strong>Berrly gratuitamente durante 14 d\u00edas<\/strong><\/a> o si lo prefer\u00eds <a href=\"https:\/\/www.berrly.com\/es\/contacto\/\" target=\"_blank\" rel=\"noopener\"><strong>contactar con nosotros<\/strong><\/a> o mejor a\u00fan<strong><a href=\"https:\/\/tidycal.com\/lauranadal\/berrly-reunion-de-30-minutos\" target=\"_blank\" rel=\"noopener\"> agendar una reuni\u00f3n<\/a><\/strong>. \u00a1Estaremos encantados de atender vuestras dudas! Gracias una vez m\u00e1s y nos vemos en el pr\u00f3ximo blog.<\/p>\n","protected":false},"excerpt":{"rendered":"<p>Berrly en la Pitch Competition de AticcoLab y el BizBarcelona &nbsp; Los d\u00edas 8 y 9 de noviembre Berrly tuvo la suerte de exprimir al m\u00e1ximo uno de los eventos m\u00e1s importantes de startups en la ciudad condal, el BizBarcelona que se celebr\u00f3 junto al Sal\u00f3 de l\u2019Ocupaci\u00f3 en el recinto de la Fira de [&hellip;]<\/p>\n","protected":false},"author":5,"featured_media":9629,"comment_status":"closed","ping_status":"open","sticky":false,"template":"","format":"standard","meta":{"_acf_changed":false,"footnotes":""},"categories":[49],"tags":[53,113,89,50,114,132,98,51],"class_list":["post-9650","post","type-post","status-publish","format-standard","has-post-thumbnail","hentry","category-blog-2","tag-berrly-2","tag-bizbarcelona-2022-2","tag-clubes-deportivos","tag-digitalitzacion","tag-fira-de-barcelona-2022-2","tag-pitch-competition-2","tag-software-de-gestion","tag-tercer-sector-2"],"acf":[],"_links":{"self":[{"href":"https:\/\/www.berrly.com\/es\/wp-json\/wp\/v2\/posts\/9650","targetHints":{"allow":["GET"]}}],"collection":[{"href":"https:\/\/www.berrly.com\/es\/wp-json\/wp\/v2\/posts"}],"about":[{"href":"https:\/\/www.berrly.com\/es\/wp-json\/wp\/v2\/types\/post"}],"author":[{"embeddable":true,"href":"https:\/\/www.berrly.com\/es\/wp-json\/wp\/v2\/users\/5"}],"replies":[{"embeddable":true,"href":"https:\/\/www.berrly.com\/es\/wp-json\/wp\/v2\/comments?post=9650"}],"version-history":[{"count":0,"href":"https:\/\/www.berrly.com\/es\/wp-json\/wp\/v2\/posts\/9650\/revisions"}],"wp:featuredmedia":[{"embeddable":true,"href":"https:\/\/www.berrly.com\/es\/wp-json\/wp\/v2\/media\/9629"}],"wp:attachment":[{"href":"https:\/\/www.berrly.com\/es\/wp-json\/wp\/v2\/media?parent=9650"}],"wp:term":[{"taxonomy":"category","embeddable":true,"href":"https:\/\/www.berrly.com\/es\/wp-json\/wp\/v2\/categories?post=9650"},{"taxonomy":"post_tag","embeddable":true,"href":"https:\/\/www.berrly.com\/es\/wp-json\/wp\/v2\/tags?post=9650"}],"curies":[{"name":"wp","href":"https:\/\/api.w.org\/{rel}","templated":true}]}}